{"id":139006,"date":"2022-01-20T05:00:00","date_gmt":"2022-01-20T10:00:00","guid":{"rendered":"https:\/\/linitiative.ca\/International\/strategie-a-peaufiner\/"},"modified":"2022-01-20T05:00:00","modified_gmt":"2022-01-20T10:00:00","slug":"strategie-a-peaufiner","status":"publish","type":"post","link":"https:\/\/linitiative.ca\/International\/strategie-a-peaufiner\/","title":{"rendered":"Strat\u00e9gie \u00e0 peaufiner"},"content":{"rendered":"<div>Le minist\u00e8re  de la Sant\u00e9 s\u2019attelle \u00e0 pr\u00e9parer une strat\u00e9gie nationale int\u00e9grant les droits humains dans le cadre de la prise en charge du Sida. Il s&rsquo;agit d&rsquo;int\u00e9grer la dimension des droits de l&rsquo;Homme dans cette vision<\/div>\n<p>Auteur:<br \/>\n<a href=\"https:\/\/www.lesoirdalgerie.com\/periscoop\/strategie-a-peaufiner-74022\">Cliquez ici pour lire l&rsquo;article depuis sa source.<\/a><\/p>\n","protected":false},"excerpt":{"rendered":"<p>Le minist\u00e8re de la Sant\u00e9 s\u2019attelle \u00e0 pr\u00e9parer une strat\u00e9gie nationale int\u00e9grant les droits humains dans le cadre de la prise en charge du Sida. Il s&rsquo;agit d&rsquo;int\u00e9grer la dimension des droits de l&rsquo;Homme dans cette vision Auteur: Cliquez ici pour lire l&rsquo;article depuis sa source.<\/p>\n","protected":false},"author":1741,"featured_media":0,"comment_status":"closed","ping_status":"closed","sticky":false,"template":"","format":"standard","meta":{"fifu_image_url":"","fifu_image_alt":"","footnotes":""},"categories":[73,53],"tags":[],"class_list":["post-139006","post","type-post","status-publish","format-standard","hentry","category-actualite","category-algerie"],"_links":{"self":[{"href":"https:\/\/linitiative.ca\/International\/wp-json\/wp\/v2\/posts\/139006","targetHints":{"allow":["GET"]}}],"collection":[{"href":"https:\/\/linitiative.ca\/International\/wp-json\/wp\/v2\/posts"}],"about":[{"href":"https:\/\/linitiative.ca\/International\/wp-json\/wp\/v2\/types\/post"}],"author":[{"embeddable":true,"href":"https:\/\/linitiative.ca\/International\/wp-json\/wp\/v2\/users\/1741"}],"replies":[{"embeddable":true,"href":"https:\/\/linitiative.ca\/International\/wp-json\/wp\/v2\/comments?post=139006"}],"version-history":[{"count":0,"href":"https:\/\/linitiative.ca\/International\/wp-json\/wp\/v2\/posts\/139006\/revisions"}],"wp:attachment":[{"href":"https:\/\/linitiative.ca\/International\/wp-json\/wp\/v2\/media?parent=139006"}],"wp:term":[{"taxonomy":"category","embeddable":true,"href":"https:\/\/linitiative.ca\/International\/wp-json\/wp\/v2\/categories?post=139006"},{"taxonomy":"post_tag","embeddable":true,"href":"https:\/\/linitiative.ca\/International\/wp-json\/wp\/v2\/tags?post=139006"}],"curies":[{"name":"wp","href":"https:\/\/api.w.org\/{rel}","templated":true}]}}