{"id":139009,"date":"2022-01-20T06:50:41","date_gmt":"2022-01-20T11:50:41","guid":{"rendered":"https:\/\/linitiative.ca\/International\/100-premiers-jours-du-gouvernement-voici-tout-ce-quil-faut-retenir-de-linterview-daziz-akhannouch\/"},"modified":"2022-01-20T06:50:41","modified_gmt":"2022-01-20T11:50:41","slug":"100-premiers-jours-du-gouvernement-voici-tout-ce-quil-faut-retenir-de-linterview-daziz-akhannouch","status":"publish","type":"post","link":"https:\/\/linitiative.ca\/International\/100-premiers-jours-du-gouvernement-voici-tout-ce-quil-faut-retenir-de-linterview-daziz-akhannouch\/","title":{"rendered":"100 premiers jours du gouvernement. Voici tout ce qu\u2019il faut retenir de l\u2019interview d\u2019Aziz Akhannouch"},"content":{"rendered":"<div><img decoding=\"async\" width=\"1200\" height=\"600\" src=\"https:\/\/linitiative.ca\/International\/wp-content\/uploads\/sites\/23\/2022\/01\/gouvernement-.jpeg\" class=\"attachment-post-thumbnail size-post-thumbnail wp-post-image\" alt=\"\" loading=\"lazy\" srcset=\"https:\/\/linitiative.ca\/International\/wp-content\/uploads\/sites\/23\/2022\/01\/gouvernement-.jpeg 1200w, https:\/\/www.challenge.ma\/wp-content\/uploads\/2022\/01\/gouvernement--300x150.jpeg 300w, https:\/\/www.challenge.ma\/wp-content\/uploads\/2022\/01\/gouvernement--1024x512.jpeg 1024w, https:\/\/www.challenge.ma\/wp-content\/uploads\/2022\/01\/gouvernement--768x384.jpeg 768w, https:\/\/www.challenge.ma\/wp-content\/uploads\/2022\/01\/gouvernement--360x180.jpeg 360w, https:\/\/www.challenge.ma\/wp-content\/uploads\/2022\/01\/gouvernement--750x375.jpeg 750w\" sizes=\"auto, (max-width: 1200px) 100vw, 1200px\" itemprop=\"image\">Le Chef du gouvernement, Aziz Akhannouch, a donn\u00e9 une interview le 19 janvier aux cha\u00eenes de t\u00e9l\u00e9vision 2M et Al Oula. Voici les principaux enseignements \u00e0 retenir de cette sortie m\u00e9diatique qui marque les 100 premiers jours du gouvernement. Aziz Akhannouch a ainsi indiqu\u00e9 que les mesures prises par le<\/div>\n<p>Auteur: challenge<br \/>\n<a href=\"https:\/\/www.challenge.ma\/100-premiers-jours-du-gouvernement-voici-tout-ce-quil-faut-retenir-de-linterview-daziz-akhannouch-231009\/\">Cliquez ici pour lire l&rsquo;article depuis sa source.<\/a><\/p>\n","protected":false},"excerpt":{"rendered":"<p>Le Chef du gouvernement, Aziz Akhannouch, a donn\u00e9 une interview le 19 janvier aux cha\u00eenes de t\u00e9l\u00e9vision 2M et Al Oula. Voici les principaux enseignements \u00e0 retenir de cette sortie m\u00e9diatique qui marque les 100 premiers jours du gouvernement. Aziz Akhannouch a ainsi indiqu\u00e9 que les mesures prises par le Auteur: challenge Cliquez ici pour [&hellip;]<\/p>\n","protected":false},"author":1787,"featured_media":0,"comment_status":"closed","ping_status":"closed","sticky":false,"template":"","format":"standard","meta":{"fifu_image_url":"https:\/\/www.challenge.ma\/wp-content\/uploads\/2022\/01\/gouvernement-.jpeg","fifu_image_alt":"100 premiers jours du gouvernement. Voici tout ce qu\u2019il faut retenir de l\u2019interview d\u2019Aziz Akhannouch","footnotes":""},"categories":[78,54],"tags":[],"class_list":["post-139009","post","type-post","status-publish","format-standard","hentry","category-economie","category-maroc"],"_links":{"self":[{"href":"https:\/\/linitiative.ca\/International\/wp-json\/wp\/v2\/posts\/139009","targetHints":{"allow":["GET"]}}],"collection":[{"href":"https:\/\/linitiative.ca\/International\/wp-json\/wp\/v2\/posts"}],"about":[{"href":"https:\/\/linitiative.ca\/International\/wp-json\/wp\/v2\/types\/post"}],"author":[{"embeddable":true,"href":"https:\/\/linitiative.ca\/International\/wp-json\/wp\/v2\/users\/1787"}],"replies":[{"embeddable":true,"href":"https:\/\/linitiative.ca\/International\/wp-json\/wp\/v2\/comments?post=139009"}],"version-history":[{"count":0,"href":"https:\/\/linitiative.ca\/International\/wp-json\/wp\/v2\/posts\/139009\/revisions"}],"wp:attachment":[{"href":"https:\/\/linitiative.ca\/International\/wp-json\/wp\/v2\/media?parent=139009"}],"wp:term":[{"taxonomy":"category","embeddable":true,"href":"https:\/\/linitiative.ca\/International\/wp-json\/wp\/v2\/categories?post=139009"},{"taxonomy":"post_tag","embeddable":true,"href":"https:\/\/linitiative.ca\/International\/wp-json\/wp\/v2\/tags?post=139009"}],"curies":[{"name":"wp","href":"https:\/\/api.w.org\/{rel}","templated":true}]}}