{"id":139020,"date":"2022-01-20T16:55:37","date_gmt":"2022-01-20T21:55:37","guid":{"rendered":"https:\/\/linitiative.ca\/International\/tunisie-gambie-en-photos-la-conference-dapres-match\/"},"modified":"2022-01-20T16:55:37","modified_gmt":"2022-01-20T21:55:37","slug":"tunisie-gambie-en-photos-la-conference-dapres-match","status":"publish","type":"post","link":"https:\/\/linitiative.ca\/International\/tunisie-gambie-en-photos-la-conference-dapres-match\/","title":{"rendered":"Tunisie \u2013 Gambie : En photos, la conf\u00e9rence d\u2019apr\u00e8s match"},"content":{"rendered":"<div>\n<p>A l\u2019issue de la rencontre Tunisie \u2013 Gambie, lors de la conf\u00e9rence de presse d\u2019apr\u00e8s-match les deux s\u00e9lectionneurs se sont exprim\u00e9s sur cette rencontre et leur prochains adversaires. Ci-apr\u00e8s leurs d\u00e9clarations : \u2013 Mondher Kebaier (Tunisie) : \u201cOn savait que le match de ce jour devait \u00eatre compliqu\u00e9. Un p\u00e9nalty rat\u00e9 et nous n\u2019avons pas [\u2026]<\/p>\n<p>L\u2019article <a href=\"https:\/\/sport.tunisienumerique.com\/tunisie-gambie-en-photos-la-conference-dapres-match\/\">Tunisie \u2013 Gambie : En photos, la conf\u00e9rence d\u2019apr\u00e8s match<\/a> est apparu en premier sur <a href=\"https:\/\/www.tunisienumerique.com\/\">Tunisie<\/a>.<\/p>\n<\/div>\n<p>Auteur: Hamza Ben Khlifa<br \/>\n<a href=\"https:\/\/sport.tunisienumerique.com\/tunisie-gambie-en-photos-la-conference-dapres-match\/\">Cliquez ici pour lire l&rsquo;article depuis sa source.<\/a><\/p>\n","protected":false},"excerpt":{"rendered":"<p>A l\u2019issue de la rencontre Tunisie \u2013 Gambie, lors de la conf\u00e9rence de presse d\u2019apr\u00e8s-match les deux s\u00e9lectionneurs se sont exprim\u00e9s sur cette rencontre et leur prochains adversaires. Ci-apr\u00e8s leurs d\u00e9clarations : \u2013 Mondher Kebaier (Tunisie) : \u201cOn savait que le match de ce jour devait \u00eatre compliqu\u00e9. Un p\u00e9nalty rat\u00e9 et nous n\u2019avons pas [&hellip;]<\/p>\n","protected":false},"author":1789,"featured_media":0,"comment_status":"closed","ping_status":"closed","sticky":false,"template":"","format":"standard","meta":{"fifu_image_url":"","fifu_image_alt":"","footnotes":""},"categories":[73,55],"tags":[],"class_list":["post-139020","post","type-post","status-publish","format-standard","hentry","category-actualite","category-tunisie"],"_links":{"self":[{"href":"https:\/\/linitiative.ca\/International\/wp-json\/wp\/v2\/posts\/139020","targetHints":{"allow":["GET"]}}],"collection":[{"href":"https:\/\/linitiative.ca\/International\/wp-json\/wp\/v2\/posts"}],"about":[{"href":"https:\/\/linitiative.ca\/International\/wp-json\/wp\/v2\/types\/post"}],"author":[{"embeddable":true,"href":"https:\/\/linitiative.ca\/International\/wp-json\/wp\/v2\/users\/1789"}],"replies":[{"embeddable":true,"href":"https:\/\/linitiative.ca\/International\/wp-json\/wp\/v2\/comments?post=139020"}],"version-history":[{"count":0,"href":"https:\/\/linitiative.ca\/International\/wp-json\/wp\/v2\/posts\/139020\/revisions"}],"wp:attachment":[{"href":"https:\/\/linitiative.ca\/International\/wp-json\/wp\/v2\/media?parent=139020"}],"wp:term":[{"taxonomy":"category","embeddable":true,"href":"https:\/\/linitiative.ca\/International\/wp-json\/wp\/v2\/categories?post=139020"},{"taxonomy":"post_tag","embeddable":true,"href":"https:\/\/linitiative.ca\/International\/wp-json\/wp\/v2\/tags?post=139020"}],"curies":[{"name":"wp","href":"https:\/\/api.w.org\/{rel}","templated":true}]}}