{"id":139024,"date":"2022-01-20T15:01:42","date_gmt":"2022-01-20T20:01:42","guid":{"rendered":"https:\/\/linitiative.ca\/International\/can-cameroun-2021-et-un-seisme-emporta-les-fennecs-dalgerie-tenants-du-titre\/"},"modified":"2022-01-20T15:01:42","modified_gmt":"2022-01-20T20:01:42","slug":"can-cameroun-2021-et-un-seisme-emporta-les-fennecs-dalgerie-tenants-du-titre","status":"publish","type":"post","link":"https:\/\/linitiative.ca\/International\/can-cameroun-2021-et-un-seisme-emporta-les-fennecs-dalgerie-tenants-du-titre\/","title":{"rendered":"CAN CAMEROUN 2021: Et un s\u00e9isme emporta les Fennecs d\u2019Alg\u00e9rie, tenants du titre"},"content":{"rendered":"<div>\n<p><img decoding=\"async\" width=\"715\" height=\"474\" src=\"https:\/\/linitiative.ca\/International\/wp-content\/uploads\/sites\/23\/2022\/01\/WhatsApp-Image-2022-01-21-at-06.16.55.jpeg\" class=\"attachment- size- wp-post-image\" alt=\"\" loading=\"lazy\" style=\"float:left; margin:0 15px 15px 0;\" srcset=\"https:\/\/linitiative.ca\/International\/wp-content\/uploads\/sites\/23\/2022\/01\/WhatsApp-Image-2022-01-21-at-06.16.55.jpeg 715w, https:\/\/lepays.bf\/wp-content\/uploads\/2022\/01\/WhatsApp-Image-2022-01-21-at-06.16.55-300x199.jpeg 300w\" sizes=\"auto, (max-width: 715px) 100vw, 715px\">\u00a0 Au soir du 20 janvier 2022, les matchs de la phase de groupes de la 33e \u00e9dition de la CAN Cameroun 2021, ont \u00e9t\u00e9 boucl\u00e9s. La grosse sensation est venue de Douala o\u00f9 l\u2019on retiendra ce s\u00e9isme dans le groupe E avec l\u2019\u00e9limination du champion en titre, l\u2019Alg\u00e9rie. Ainsi, apr\u00e8s moult tergiversations et d\u00e9bats \u2026<\/p>\n<p>L\u2019article <a rel=\"nofollow\" href=\"https:\/\/lepays.bf\/can-cameroun-2021-et-un-seisme-emporta-les-fennecs-dalgerie-tenants-du-titre\/\">CAN CAMEROUN 2021: Et un s\u00e9isme emporta les Fennecs d\u2019Alg\u00e9rie, tenants du titre<\/a> est apparu en premier sur <a rel=\"nofollow\" href=\"https:\/\/lepays.bf\/\">Editions Le Pays<\/a>.<\/p>\n<\/div>\n<p>Auteur: Editions LEPAYS<br \/>\n<a href=\"https:\/\/lepays.bf\/can-cameroun-2021-et-un-seisme-emporta-les-fennecs-dalgerie-tenants-du-titre\/\">Cliquez ici pour lire l&rsquo;article depuis sa source.<\/a><\/p>\n","protected":false},"excerpt":{"rendered":"<p>\u00a0 Au soir du 20 janvier 2022, les matchs de la phase de groupes de la 33e \u00e9dition de la CAN Cameroun 2021, ont \u00e9t\u00e9 boucl\u00e9s. La grosse sensation est venue de Douala o\u00f9 l\u2019on retiendra ce s\u00e9isme dans le groupe E avec l\u2019\u00e9limination du champion en titre, l\u2019Alg\u00e9rie. Ainsi, apr\u00e8s moult tergiversations et d\u00e9bats [&hellip;]<\/p>\n","protected":false},"author":1813,"featured_media":0,"comment_status":"closed","ping_status":"closed","sticky":false,"template":"","format":"standard","meta":{"fifu_image_url":"https:\/\/lepays.bf\/wp-content\/uploads\/2022\/01\/WhatsApp-Image-2022-01-21-at-06.16.55.jpeg","fifu_image_alt":"CAN CAMEROUN 2021: Et un s\u00e9isme emporta les Fennecs d\u2019Alg\u00e9rie, tenants du titre","footnotes":""},"categories":[73,81],"tags":[],"class_list":["post-139024","post","type-post","status-publish","format-standard","hentry","category-actualite","category-burkina-faso"],"_links":{"self":[{"href":"https:\/\/linitiative.ca\/International\/wp-json\/wp\/v2\/posts\/139024","targetHints":{"allow":["GET"]}}],"collection":[{"href":"https:\/\/linitiative.ca\/International\/wp-json\/wp\/v2\/posts"}],"about":[{"href":"https:\/\/linitiative.ca\/International\/wp-json\/wp\/v2\/types\/post"}],"author":[{"embeddable":true,"href":"https:\/\/linitiative.ca\/International\/wp-json\/wp\/v2\/users\/1813"}],"replies":[{"embeddable":true,"href":"https:\/\/linitiative.ca\/International\/wp-json\/wp\/v2\/comments?post=139024"}],"version-history":[{"count":0,"href":"https:\/\/linitiative.ca\/International\/wp-json\/wp\/v2\/posts\/139024\/revisions"}],"wp:attachment":[{"href":"https:\/\/linitiative.ca\/International\/wp-json\/wp\/v2\/media?parent=139024"}],"wp:term":[{"taxonomy":"category","embeddable":true,"href":"https:\/\/linitiative.ca\/International\/wp-json\/wp\/v2\/categories?post=139024"},{"taxonomy":"post_tag","embeddable":true,"href":"https:\/\/linitiative.ca\/International\/wp-json\/wp\/v2\/tags?post=139024"}],"curies":[{"name":"wp","href":"https:\/\/api.w.org\/{rel}","templated":true}]}}