{"id":139027,"date":"2022-01-20T17:30:26","date_gmt":"2022-01-20T22:30:26","guid":{"rendered":"https:\/\/linitiative.ca\/International\/developpement-des-collectivites-territoriales-ladct-devoile-ses-nouveaux-chantiers\/"},"modified":"2022-01-20T17:30:26","modified_gmt":"2022-01-20T22:30:26","slug":"developpement-des-collectivites-territoriales-ladct-devoile-ses-nouveaux-chantiers","status":"publish","type":"post","link":"https:\/\/linitiative.ca\/International\/developpement-des-collectivites-territoriales-ladct-devoile-ses-nouveaux-chantiers\/","title":{"rendered":"D\u00e9veloppement des collectivit\u00e9s territoriales  : L\u2019ADCT d\u00e9voile ses nouveaux chantiers"},"content":{"rendered":"<div>\n<p><strong>L\u2019Agence nationale d\u2019appui au d\u00e9veloppement des collectivit\u00e9s territoriales (ADCT) a anim\u00e9 une conf\u00e9rence de presse, le jeudi 20 janvier 2022, \u00e0 Ouagadougou, pour faire le bilan de ses actions et passer en revue les grands chantiers de 2022. <\/strong><\/p>\n<p>Pour honorer sa tradition d\u2019\u00e9changer avec les professionnels des m\u00e9dias \u00e0 chaque d\u00e9but d\u2019ann\u00e9e, l\u2019Agence nationale d\u2019appui au d\u00e9veloppement des collectivit\u00e9s territoriales (ADCT) a organis\u00e9 une conf\u00e9rence de presse, le jeudi 20 janvier 2022, \u00e0 Ouagadougou. Il s\u2019est agi \u00e0 travers cette rencontre avec les journalistes de pr\u00e9senter le bilan du processus d\u2019op\u00e9rationnalisation de l\u2019ADCT et de faire part des perspectives pour l\u2019ann\u00e9e 2022. Selon le Directeur g\u00e9n\u00e9ral (DG) de l\u2019ADCT, Bruno S. Dipama, l\u2019ann\u00e9e 2021 a \u00e9t\u00e9 consacr\u00e9e \u00e0 l\u2019op\u00e9rationnalisation de sa structure \u00e0 travers la mise en place de l\u2019organe d\u2019administration et le basculement du Fonds permanent de d\u00e9veloppement des collectivit\u00e9s territoriales (FPDCT) \u00e0 l\u2019ADCT.<\/p>\n<p>Il a soulign\u00e9 \u00e9galement la mise \u00e0 niveau de sa structure \u00e0 travers l\u2019\u00e9laboration des outils pour permettre \u00e0 celle-ci d\u2019\u00eatre efficace dans la r\u00e9alisation des missions \u00e0 elle assign\u00e9es. A l\u2019\u00e9couter, 2022 va \u00eatre une ann\u00e9e de perspectives. Plusieurs activit\u00e9s seront men\u00e9es, notamment la poursuite de l\u2019op\u00e9rationnalisation de l\u2019agence \u00e0 travers la mise en place de l\u2019organe de gestion, la mise \u00e0 niveau de l\u2019ADCT par l\u2019\u00e9laboration d\u2019autres types d\u2019outils. Parmi ces instruments, a-t-il fait savoir, il y a le sch\u00e9ma directeur informatique, le plan de d\u00e9veloppement des ressources humaines, le plan de communication institutionnelle\u2026 En ce qui concerne les activit\u00e9s qui seront r\u00e9alis\u00e9es, il a \u00e9voqu\u00e9 la mise en place de cadres de concertation, la mobilisation de ressources destin\u00e9es aux collectivit\u00e9s territoriales, les interventions strat\u00e9giques de l\u2019ADCT, son r\u00f4le dans le d\u00e9veloppement des zones reconquises. La mise en \u0153uvre des cadres de concertation, selon M. Dipama, est de permettre une meilleure compr\u00e9hension des missions de la structure. Mais aussi, a-t-il poursuivi, d\u2019avoir une m\u00eame interpr\u00e9tation des textes r\u00e8glementaires, un partage d\u2019informations et une facilitation des interventions de l\u2019agence charg\u00e9e d\u2019appuyer les collectivit\u00e9s territoriales.<\/p>\n<h2><strong>Des interventions strat\u00e9giques<\/strong><\/h2>\n<p>Pour ce qui est de la mobilisation des ressources destin\u00e9es aux collectivit\u00e9s locales, le DG a indiqu\u00e9 que cela se traduit par un engagement financier du gouvernement \u00e0 soutenir l\u2019ADCT \u00e0 travers la programmation financi\u00e8re de pr\u00e8s de 50 milliards F CFA sur la p\u00e9riode 2022-2026. \u00ab Sur la m\u00eame p\u00e9riode, le concours des partenaires techniques et financiers est \u00e0 la m\u00eame hauteur \u00bb, a-t-il pr\u00e9cis\u00e9. L\u2019ADCT a \u00e9galement d\u00e9cid\u00e9 d\u2019op\u00e9rer des interventions strat\u00e9giques aupr\u00e8s des conseils de collectivit\u00e9s, notamment dans le contexte de crise s\u00e9curitaire.<\/p>\n<p>A cet effet, les communes ont \u00e9t\u00e9 class\u00e9es en trois cat\u00e9gories, vert, orange et rouge. Les communes \u2018\u2019vertes\u2019\u2019 sont celles relativement \u00e9pargn\u00e9es par le p\u00e9ril s\u00e9curitaire. Selon Bruno Dipama, l\u2019ADCT va travailler avec les conseils municipaux pour identifier les besoins des populations et initier des projets pour leur satisfaction. \u00ab Nous allons contribuer \u00e0 accro\u00eetre l\u2019offre de ces communes en termes de services sociaux de base, d\u2019\u00e9ducation, de sant\u00e9, d\u2019acc\u00e8s \u00e0 l\u2019eau potable et d\u2019assainissement \u00bb, a-t-il signifi\u00e9. Les communes \u2018\u2019orange \u2018\u2019 sont celles qui accueillent les Personnes d\u00e9plac\u00e9es internes (PDI). M. Dipama a annonc\u00e9 une contribution aux financements d\u2019activit\u00e9s en faveur de ces PDI mais aussi concourir au dialogue permanent entre les populations d\u2019accueil et les d\u00e9plac\u00e9s. \u00ab Il y a n\u00e9cessit\u00e9 d\u2019accompagner ces communes \u00e0 pouvoir offrir un habitat pour les PDI qu\u2019elles accueillent \u00bb, a-t-il ajout\u00e9. Quant aux communes \u2018\u2019rouges\u2019\u2019, celles en proie aux attaques terroristes, l\u2019ADCT compte \u0153uvrer pour maintenir un minimum d\u2019activit\u00e9s sur le terrain en attendant une reprise des investissements structurants. Pour ce qui est du d\u00e9veloppement des zones reconquises, selon le DG, l\u2019ADCT contribuera \u00e0 la r\u00e9alisation d\u2019investissements structurants mais aussi \u00e0 la r\u00e9flexion pour r\u00e9pondre aux questions d\u2019investissements prioritaires \u00e0 r\u00e9aliser et leur dur\u00e9e. D\u2019autres r\u00e9ponses seront trouv\u00e9es en ce qui concerne les types de logements pour les ex-d\u00e9plac\u00e9s, d\u2019\u00e9coles, et les activit\u00e9s \u00e0 financer au profit des populations de ces zones.<\/p>\n<p style=\"text-align: right\"><strong> Aly SAWADOGO <\/strong><\/p>\n<p>L\u2019article <a rel=\"nofollow\" href=\"https:\/\/www.sidwaya.info\/blog\/2022\/01\/20\/developpement-des-collectivites-territoriales-ladct-devoile-ses-nouveaux-chantiers\/\">D\u00e9veloppement des collectivit\u00e9s territoriales  : L\u2019ADCT d\u00e9voile ses nouveaux chantiers<\/a> est apparu en premier sur <a rel=\"nofollow\" href=\"https:\/\/www.sidwaya.info\/\">Quotidien Sidwaya<\/a>.<\/p>\n<\/div>\n<p>Auteur: JK. Sidwaya<br \/>\n<a href=\"https:\/\/www.sidwaya.info\/blog\/2022\/01\/20\/developpement-des-collectivites-territoriales-ladct-devoile-ses-nouveaux-chantiers\/?utm_source=rss&#038;utm_medium=rss&#038;utm_campaign=developpement-des-collectivites-territoriales-ladct-devoile-ses-nouveaux-chantiers\">Cliquez ici pour lire l&rsquo;article depuis sa source.<\/a><\/p>\n","protected":false},"excerpt":{"rendered":"<p>L\u2019Agence nationale d\u2019appui au d\u00e9veloppement des collectivit\u00e9s territoriales (ADCT) a anim\u00e9 une conf\u00e9rence de presse, le jeudi 20 janvier 2022, \u00e0 Ouagadougou, pour faire le bilan de ses actions et passer en revue les grands chantiers de 2022. Pour honorer sa tradition d\u2019\u00e9changer avec les professionnels des m\u00e9dias \u00e0 chaque d\u00e9but d\u2019ann\u00e9e, l\u2019Agence nationale d\u2019appui [&hellip;]<\/p>\n","protected":false},"author":1816,"featured_media":0,"comment_status":"closed","ping_status":"closed","sticky":false,"template":"","format":"standard","meta":{"fifu_image_url":"","fifu_image_alt":"","footnotes":""},"categories":[73,81],"tags":[],"class_list":["post-139027","post","type-post","status-publish","format-standard","hentry","category-actualite","category-burkina-faso"],"_links":{"self":[{"href":"https:\/\/linitiative.ca\/International\/wp-json\/wp\/v2\/posts\/139027","targetHints":{"allow":["GET"]}}],"collection":[{"href":"https:\/\/linitiative.ca\/International\/wp-json\/wp\/v2\/posts"}],"about":[{"href":"https:\/\/linitiative.ca\/International\/wp-json\/wp\/v2\/types\/post"}],"author":[{"embeddable":true,"href":"https:\/\/linitiative.ca\/International\/wp-json\/wp\/v2\/users\/1816"}],"replies":[{"embeddable":true,"href":"https:\/\/linitiative.ca\/International\/wp-json\/wp\/v2\/comments?post=139027"}],"version-history":[{"count":0,"href":"https:\/\/linitiative.ca\/International\/wp-json\/wp\/v2\/posts\/139027\/revisions"}],"wp:attachment":[{"href":"https:\/\/linitiative.ca\/International\/wp-json\/wp\/v2\/media?parent=139027"}],"wp:term":[{"taxonomy":"category","embeddable":true,"href":"https:\/\/linitiative.ca\/International\/wp-json\/wp\/v2\/categories?post=139027"},{"taxonomy":"post_tag","embeddable":true,"href":"https:\/\/linitiative.ca\/International\/wp-json\/wp\/v2\/tags?post=139027"}],"curies":[{"name":"wp","href":"https:\/\/api.w.org\/{rel}","templated":true}]}}