{"id":139028,"date":"2022-01-20T17:34:28","date_gmt":"2022-01-20T22:34:28","guid":{"rendered":"https:\/\/linitiative.ca\/International\/reconciliation-nationale-les-119-membres-du-conseil-national-installes\/"},"modified":"2022-01-20T17:34:28","modified_gmt":"2022-01-20T22:34:28","slug":"reconciliation-nationale-les-119-membres-du-conseil-national-installes","status":"publish","type":"post","link":"https:\/\/linitiative.ca\/International\/reconciliation-nationale-les-119-membres-du-conseil-national-installes\/","title":{"rendered":"R\u00e9conciliation nationale  : les 119 membres du Conseil  national install\u00e9s"},"content":{"rendered":"<div>\n<p><strong>Le Pr\u00e9sident du Faso, Roch Marc Christian Kabor\u00e9, a officiellement install\u00e9, le jeudi 20 janvier 2022, au palais de Kosyam, \u00e0 Ouagadougou, les 119 membres du Conseil national d\u2019orientation et de suivi (CNOS) de la r\u00e9conciliation nationale et de la coh\u00e9sion sociale. <\/strong><\/p>\n<p>Le processus de la r\u00e9conciliation nationale est en train de prendre corps au Burkina Faso. Le chef de l\u2019Etat, Roch Marc Christian Kabor\u00e9 a officiellement install\u00e9 les membres du Conseil national d\u2019orientation et de suivi (CNOS) de la r\u00e9conciliation nationale et de la coh\u00e9sion sociale, le jeudi 20 janvier 2022, \u00e0 Ouagadougou. Au nombre de 119, les membres ont \u00e9t\u00e9 nomm\u00e9s le 17 novembre 2021 en conseil des ministres. Le CNOS est dirig\u00e9 par un bureau, pr\u00e9sid\u00e9 par le Premier ministre, Lassina Zerbo, 5 Vice-pr\u00e9sidents et un rapporteur g\u00e9n\u00e9ral en la personne du ministre d\u2019Etat, charg\u00e9 de la r\u00e9conciliation nationale, Z\u00e9phirin Diabr\u00e9. Les membres sont, entre autres, compos\u00e9s de ministres, de repr\u00e9sentants de la majorit\u00e9 au pouvoir (10), de l\u2019opposition politique (10), de leaders de toutes les confessions religieuses, de membres de la soci\u00e9t\u00e9 civile et de repr\u00e9sentants de la chefferie coutumi\u00e8re. Selon la secr\u00e9taire g\u00e9n\u00e9rale du gouvernement, Nana Fatoumata Benon \/ Yatassaye, le CNOS est un organe charg\u00e9 de suivre la politique du gouvernement en mati\u00e8re de r\u00e9conciliation nationale et de coh\u00e9sion sociale.<\/p>\n<p>Sa mission est d\u2019orienter la politique nationale de r\u00e9conciliation notamment les instruments de pilotage du processus de la r\u00e9conciliation nationale, a-t-elle confi\u00e9. Il s\u2019agit de la Strat\u00e9gie nationale de coh\u00e9sion sociale (SNCS), la Strat\u00e9gie nationale de pr\u00e9vention de la radicalisation et de lutte contre l\u2019extr\u00e9misme violent (SNPREV), la Strat\u00e9gie nationale de r\u00e9conciliation et le pacte du vivre ensemble (SNRPVE). Pour le pr\u00e9sident du Faso, en d\u00e9pit des efforts ant\u00e9rieurs, les besoins de r\u00e9conciliation nationale demeurent une pr\u00e9occupation au Burkina. C\u2019est pourquoi, il a indiqu\u00e9 que l\u2019installation des membres du CNOS marque un tournant d\u00e9cisif dans l\u2019engagement pour la r\u00e9conciliation nationale et la coh\u00e9sion entre les filles et fils du Faso. Le chef de l\u2019Etat a aussi salu\u00e9 la d\u00e9marche participative qui a permis la composition plurielle du conseil national d\u2019orientation et de suivi.<\/p>\n<p>\u00ab L\u2019exp\u00e9rience et l\u2019engagement des hommes et des femmes impliqu\u00e9s me rassurent que leur contribution au processus de r\u00e9conciliation sera riche et pertinente \u00bb, s\u2019est-il r\u00e9joui. Roch Marc Christian Kabor\u00e9, a, en outre, relev\u00e9 que cette d\u00e9marche participative permettra d\u2019atteindre la tenue prochaine du Forum national de la r\u00e9conciliation. A son avis, le processus de r\u00e9conciliation est un rendez-vous historique pour les Burkinab\u00e8, d\u2019examiner avec franchise toutes les questions de r\u00e9conciliation, de s\u2019entendre sur les solutions propos\u00e9es afin de construire un nouvel avenir. \u00ab La r\u00e9conciliation que nous voulons pour notre pays, doit \u00eatre v\u00e9ritable, sinc\u00e8re et profonde \u00bb, a-t-il insist\u00e9. Le pr\u00e9sident du Faso a par ailleurs appel\u00e9 \u00e0 l\u2019adh\u00e9sion de tous les Burkinab\u00e8 pour la r\u00e9ussite du processus.<\/p>\n<p style=\"text-align: right\"><strong>Abdoulaye BALBONE<\/strong><\/p>\n<p>L\u2019article <a rel=\"nofollow\" href=\"https:\/\/www.sidwaya.info\/blog\/2022\/01\/20\/reconciliation-nationale-les-119-membres-du-conseil-national-installes\/\">R\u00e9conciliation nationale  : les 119 membres du Conseil  national install\u00e9s<\/a> est apparu en premier sur <a rel=\"nofollow\" href=\"https:\/\/www.sidwaya.info\/\">Quotidien Sidwaya<\/a>.<\/p>\n<\/div>\n<p>Auteur: JK. Sidwaya<br \/>\n<a href=\"https:\/\/www.sidwaya.info\/blog\/2022\/01\/20\/reconciliation-nationale-les-119-membres-du-conseil-national-installes\/?utm_source=rss&#038;utm_medium=rss&#038;utm_campaign=reconciliation-nationale-les-119-membres-du-conseil-national-installes\">Cliquez ici pour lire l&rsquo;article depuis sa source.<\/a><\/p>\n","protected":false},"excerpt":{"rendered":"<p>Le Pr\u00e9sident du Faso, Roch Marc Christian Kabor\u00e9, a officiellement install\u00e9, le jeudi 20 janvier 2022, au palais de Kosyam, \u00e0 Ouagadougou, les 119 membres du Conseil national d\u2019orientation et de suivi (CNOS) de la r\u00e9conciliation nationale et de la coh\u00e9sion sociale. Le processus de la r\u00e9conciliation nationale est en train de prendre corps au [&hellip;]<\/p>\n","protected":false},"author":1816,"featured_media":0,"comment_status":"closed","ping_status":"closed","sticky":false,"template":"","format":"standard","meta":{"fifu_image_url":"","fifu_image_alt":"","footnotes":""},"categories":[73,81],"tags":[],"class_list":["post-139028","post","type-post","status-publish","format-standard","hentry","category-actualite","category-burkina-faso"],"_links":{"self":[{"href":"https:\/\/linitiative.ca\/International\/wp-json\/wp\/v2\/posts\/139028","targetHints":{"allow":["GET"]}}],"collection":[{"href":"https:\/\/linitiative.ca\/International\/wp-json\/wp\/v2\/posts"}],"about":[{"href":"https:\/\/linitiative.ca\/International\/wp-json\/wp\/v2\/types\/post"}],"author":[{"embeddable":true,"href":"https:\/\/linitiative.ca\/International\/wp-json\/wp\/v2\/users\/1816"}],"replies":[{"embeddable":true,"href":"https:\/\/linitiative.ca\/International\/wp-json\/wp\/v2\/comments?post=139028"}],"version-history":[{"count":0,"href":"https:\/\/linitiative.ca\/International\/wp-json\/wp\/v2\/posts\/139028\/revisions"}],"wp:attachment":[{"href":"https:\/\/linitiative.ca\/International\/wp-json\/wp\/v2\/media?parent=139028"}],"wp:term":[{"taxonomy":"category","embeddable":true,"href":"https:\/\/linitiative.ca\/International\/wp-json\/wp\/v2\/categories?post=139028"},{"taxonomy":"post_tag","embeddable":true,"href":"https:\/\/linitiative.ca\/International\/wp-json\/wp\/v2\/tags?post=139028"}],"curies":[{"name":"wp","href":"https:\/\/api.w.org\/{rel}","templated":true}]}}