{"id":139029,"date":"2022-01-20T17:38:34","date_gmt":"2022-01-20T22:38:34","guid":{"rendered":"https:\/\/linitiative.ca\/International\/1-8e-finale-can-2021-burkina-gabon-etalons-et-pantheres-se-defient-a-limbe-ce-dimanche\/"},"modified":"2022-01-20T17:38:34","modified_gmt":"2022-01-20T22:38:34","slug":"1-8e-finale-can-2021-burkina-gabon-etalons-et-pantheres-se-defient-a-limbe-ce-dimanche","status":"publish","type":"post","link":"https:\/\/linitiative.ca\/International\/1-8e-finale-can-2021-burkina-gabon-etalons-et-pantheres-se-defient-a-limbe-ce-dimanche\/","title":{"rendered":"1\/8e finale CAN 2021\/ Burkina # Gabon Etalons et Panth\u00e8res se d\u00e9fient \u00e0 Limb\u00e9  ce dimanche"},"content":{"rendered":"<div>\n<p><strong>La premi\u00e8re rencontre des huiti\u00e8mes de finale de la 33e \u00e9dition de la Coupe d\u2019Afrique des Nations TotalEnergies Cameroun 2021 mettra aux prises les Etalons du Burkina Faso aux Panth\u00e8res du Gabon, le dimanche 23 janvier 2022 au stade Omnisports de Limb\u00e9. Un match couperet que l\u2019\u00e9quipe nationale du Burkina doit gagner si elle veut poursuivre son aventure en terre camerounaise. <\/strong><\/p>\n<p>Les oppositions entre le Burkina et le Gabon sont en passe de devenir des classiques aux phases finales de Coupe d\u2019Afrique des Nations (CAN). D\u00e9j\u00e0, en 2015, les Panth\u00e8res avaient pris le dessus (2-0) sur les Etalons en phase de groupes. Gabonais et Burkinab\u00e8 se sont s\u00e9par\u00e9s dos \u00e0 dos (1-1) en 2017. Pour leur 3e confrontation, les deux pays ouvrent le bal des 8es de finale de cette 33e phase finale, ce dimanche 23 janvier. Et il faudra forc\u00e9ment un gagnant. Dans chaque \u00e9tat-major, l\u2019on met les bouch\u00e9es doubles. Depuis leur match \u00e0 Bafoussam face aux Walyas d\u2019Ethiopie, les Etalons y sont rest\u00e9s pour pr\u00e9parer sereinement la confrontation face aux Panth\u00e8res.<\/p>\n<p><img decoding=\"async\" loading=\"lazy\" class=\"size-medium wp-image-44557 alignleft\" src=\"https:\/\/linitiative.ca\/International\/wp-content\/uploads\/sites\/23\/2022\/01\/1-44-300x179-1.jpg\" alt=\"\" width=\"300\" height=\"179\" srcset=\"https:\/\/linitiative.ca\/International\/wp-content\/uploads\/sites\/23\/2022\/01\/1-44-300x179-1.jpg 300w, https:\/\/www.sidwaya.info\/wp-content\/uploads\/2022\/01\/1-44-150x90.jpg 150w, https:\/\/www.sidwaya.info\/wp-content\/uploads\/2022\/01\/1-44.jpg 595w\" sizes=\"auto, (max-width: 300px) 100vw, 300px\">Ce n\u2019est qu\u2019aujourd\u2019hui qu\u2019ils ont ralli\u00e9 Limb\u00e9. On le sait, la formation gabonaise est aur\u00e9ol\u00e9e d\u2019une prestation de haut niveau face au Maroc, qu\u2019elle a tenu en \u00e9chec (2-2) lors de son dernier match de poules. Elle a m\u00eame termin\u00e9 \u00e0 la deuxi\u00e8me place derri\u00e8re les Lions de l\u2019Atlas, sans ses deux stars, Mario L\u00e9mina et Pierre Aubameyang, renvoy\u00e9es dans leur club pour \u2018\u2019 indiscipline \u2018\u2019. Juste avant le d\u00e9but de cette CAN (le 2 janvier dernier), le Burkina Faso avait fait le plein de confiance en triomphant de la formation gabonaise, 3-0. Mais, pour Adama Guira, ce match est \u00e0 vite oublier, car, une rencontre amicale, de pr\u00e9paration, n\u2019est pas \u00e0 comparer \u00e0 la comp\u00e9tition. \u00ab Beaucoup de choses ont chang\u00e9 du c\u00f4t\u00e9 gabonais apr\u00e8s ce match amical. Leur derni\u00e8re sortie face au Maroc en atteste. C\u2019est une tr\u00e8s bonne \u00e9quipe. Mais, nous jouerons notre chance \u00e0 fond \u00bb, a-t-il pr\u00e9venu. Le soci\u00e9taire de la formation espagnole du a laiss\u00e9 entendre que ses co\u00e9quipiers et lui aborderont cette opposition de quitte ou double avec beaucoup de s\u00e9rieux et de concentration, \u00ab en essayant de commettre moins d\u2019erreurs \u00bb.<\/p>\n<h2><strong>Montrer un autre visage que celui contre l\u2019Ethiopie<\/strong><\/h2>\n<p>Face \u00e0 l\u2019Ethiopie, les Etalons avaient montr\u00e9 un visage p\u00e2le. Une production d\u2019ensemble qui avait d\u00e9\u00e7u plus d\u2019un. Pour Adama Guira, les matches se suivent mais ne se ressemblent pas. \u00ab L\u2019Ethiopie a un style de jeu diff\u00e9rent de celui du Gabon. Nous allons revoir ce qui n\u2019a pas march\u00e9 contre les Walyas et faire mieux contre les Panth\u00e8res \u00bb, a-t-il expliqu\u00e9. La force de cette \u00e9quipe gabonaise r\u00e9side dans son bastion offensif. Dans ce compartiment, les Panth\u00e8res disposent d\u2019attaquants de poche ultra-rapides. Ce qui veut dire que des gar\u00e7ons comme le lat\u00e9ral droit Issa Kabor\u00e9 (tr\u00e8s offensif avec un replacement difficile) doivent \u00eatre tr\u00e8s efficaces dans leur repli d\u00e9fensif, s\u2019ils ne veulent pas \u00eatre surpris d\u00e9sagr\u00e9ablement. Cette s\u00e9lection nationale gabonaise a une histoire particuli\u00e8re avec l\u2019actuel s\u00e9lectionneur du Burkina, Kamou Malo. \u00ab Dimanche prochain sera mon troisi\u00e8me match face \u00e0 cette formation gabonaise. La premi\u00e8re \u00e9tait un match perdu \u00e0 Paris lors d\u2019une journ\u00e9e FIFA. La deuxi\u00e8me en pr\u00e9paration de cette CAN o\u00f9 nous avons gagn\u00e9 \u00bb, se rappelle-t-il. Pour gagner ce match, selon la t\u00eate pensante des Etalons, \u00ab il nous faut \u00eatre meilleur et montrer un visage autre que celui du match face \u00e0 l\u2019Ethiopie. Nous avons travaill\u00e9 pour cela. Si les gar\u00e7ons reviennent avec de la fraicheur physique et avec beaucoup plus d\u2019engagement, je pense que nous pouvons jouer contre n\u2019importe quelle \u00e9quipe et nous qualifier \u00bb, a insist\u00e9 coach Malo. Burkina#Gabon, c\u2019est au stade Omnisports de Limb\u00e9 \u00e0 partir de 16 heures TU, le dimanche 23 janvier 2022.<\/p>\n<p style=\"text-align: right\"><strong>Yves OUEDRAOGO Depuis Yaound\u00e9 <\/strong><\/p>\n<p>L\u2019article <a rel=\"nofollow\" href=\"https:\/\/www.sidwaya.info\/blog\/2022\/01\/20\/1-8e-finale-can-2021-burkina-gabon-etalons-et-pantheres-se-defient-a-limbe-ce-dimanche\/\">1\/8e finale CAN 2021\/ Burkina # Gabon Etalons et Panth\u00e8res se d\u00e9fient \u00e0 Limb\u00e9  ce dimanche<\/a> est apparu en premier sur <a rel=\"nofollow\" href=\"https:\/\/www.sidwaya.info\/\">Quotidien Sidwaya<\/a>.<\/p>\n<\/div>\n<p>Auteur: JK. Sidwaya<br \/>\n<a href=\"https:\/\/www.sidwaya.info\/blog\/2022\/01\/20\/1-8e-finale-can-2021-burkina-gabon-etalons-et-pantheres-se-defient-a-limbe-ce-dimanche\/?utm_source=rss&#038;utm_medium=rss&#038;utm_campaign=1-8e-finale-can-2021-burkina-gabon-etalons-et-pantheres-se-defient-a-limbe-ce-dimanche\">Cliquez ici pour lire l&rsquo;article depuis sa source.<\/a><\/p>\n","protected":false},"excerpt":{"rendered":"<p>La premi\u00e8re rencontre des huiti\u00e8mes de finale de la 33e \u00e9dition de la Coupe d\u2019Afrique des Nations TotalEnergies Cameroun 2021 mettra aux prises les Etalons du Burkina Faso aux Panth\u00e8res du Gabon, le dimanche 23 janvier 2022 au stade Omnisports de Limb\u00e9. Un match couperet que l\u2019\u00e9quipe nationale du Burkina doit gagner si elle veut [&hellip;]<\/p>\n","protected":false},"author":1816,"featured_media":0,"comment_status":"closed","ping_status":"closed","sticky":false,"template":"","format":"standard","meta":{"fifu_image_url":"https:\/\/www.sidwaya.info\/wp-content\/uploads\/2022\/01\/1-44-300x179.jpg","fifu_image_alt":"1\/8e finale CAN 2021\/ Burkina # Gabon Etalons et Panth\u00e8res se d\u00e9fient \u00e0 Limb\u00e9  ce dimanche","footnotes":""},"categories":[73,81],"tags":[],"class_list":["post-139029","post","type-post","status-publish","format-standard","hentry","category-actualite","category-burkina-faso"],"_links":{"self":[{"href":"https:\/\/linitiative.ca\/International\/wp-json\/wp\/v2\/posts\/139029","targetHints":{"allow":["GET"]}}],"collection":[{"href":"https:\/\/linitiative.ca\/International\/wp-json\/wp\/v2\/posts"}],"about":[{"href":"https:\/\/linitiative.ca\/International\/wp-json\/wp\/v2\/types\/post"}],"author":[{"embeddable":true,"href":"https:\/\/linitiative.ca\/International\/wp-json\/wp\/v2\/users\/1816"}],"replies":[{"embeddable":true,"href":"https:\/\/linitiative.ca\/International\/wp-json\/wp\/v2\/comments?post=139029"}],"version-history":[{"count":0,"href":"https:\/\/linitiative.ca\/International\/wp-json\/wp\/v2\/posts\/139029\/revisions"}],"wp:attachment":[{"href":"https:\/\/linitiative.ca\/International\/wp-json\/wp\/v2\/media?parent=139029"}],"wp:term":[{"taxonomy":"category","embeddable":true,"href":"https:\/\/linitiative.ca\/International\/wp-json\/wp\/v2\/categories?post=139029"},{"taxonomy":"post_tag","embeddable":true,"href":"https:\/\/linitiative.ca\/International\/wp-json\/wp\/v2\/tags?post=139029"}],"curies":[{"name":"wp","href":"https:\/\/api.w.org\/{rel}","templated":true}]}}