{"id":139032,"date":"2022-01-20T15:35:17","date_gmt":"2022-01-20T20:35:17","guid":{"rendered":"https:\/\/linitiative.ca\/International\/sommet-ceeac-le-cameroun-recoit-le-soutien-de-ses-pairs\/"},"modified":"2022-01-20T15:35:17","modified_gmt":"2022-01-20T20:35:17","slug":"sommet-ceeac-le-cameroun-recoit-le-soutien-de-ses-pairs","status":"publish","type":"post","link":"https:\/\/linitiative.ca\/International\/sommet-ceeac-le-cameroun-recoit-le-soutien-de-ses-pairs\/","title":{"rendered":"Sommet CEEAC : le Cameroun re\u00e7oit le soutien de ses pairs"},"content":{"rendered":"<div>\n<p><img decoding=\"async\" width=\"750\" height=\"375\" src=\"https:\/\/linitiative.ca\/International\/wp-content\/uploads\/sites\/23\/2022\/01\/20220119_214208.jpg\" class=\"attachment-post-thumbnail size-post-thumbnail wp-post-image\" alt=\"Felix Tshisekedi, pr\u00e9sident de la RDC prend les r\u00eanes de la CEEAC. jounalducameroun.com\" loading=\"lazy\" srcset=\"https:\/\/linitiative.ca\/International\/wp-content\/uploads\/sites\/23\/2022\/01\/20220119_214208.jpg 750w, https:\/\/www.journalducameroun.com\/wp-content\/uploads\/2022\/01\/20220119_214208-300x150.jpg 300w, https:\/\/www.journalducameroun.com\/wp-content\/uploads\/2022\/01\/20220119_214208-600x300.jpg 600w\" sizes=\"auto, (max-width: 750px) 100vw, 750px\"><\/p>\n<p><span style=\"font-size: 10pt;\"><strong>Au cours de la 20<sup>\u00e8me<\/sup> session des chefs d\u2019Etats et de gouvernement, le pays de Paul Biya a vu sa candidature pour la pr\u00e9sidence de l\u2019Assemble G\u00e9n\u00e9rale de l\u2019ONU en 2023 \u00eatre appr\u00e9ci\u00e9e et soutenue.<\/strong><\/span><\/p>\n<p>\u00a0<\/p>\n<p>La solidarit\u00e9 a meubl\u00e9 les discussions des chefs d\u2019Etats et de gouvernement de l\u2019Afrique centrale. Et l\u2019un des gestes forts a \u00e9t\u00e9 celui \u00e0 l\u2019endroit du Cameroun. Les pays membres de la Communaut\u00e9 \u00e9conomique des Etats d\u2019Afrique central, CEEAC ont salu\u00e9 et encourag\u00e9 le Cameroun dans sa qu\u00eate du leadership de l\u2019Assembl\u00e9e g\u00e9n\u00e9rale de l\u2019Organisation des nations unies, Onu en 2023.<\/p>\n<p>Ce f\u00fbt aussi l\u2019occasion pour le pays de b\u00e9n\u00e9ficier des acclamations et f\u00e9licitations pour ce qu\u2019ils ont qualifi\u00e9 de brillante organisation de la Can. Des \u00e9loges faits \u00e0 l\u2019endroit du Premier ministre camerounais, Joseph Dion Ngute, repr\u00e9sentant du chef de l\u2019Etat, Paul Biya.<\/p>\n<p>Un autre temps fort de ce sommet a \u00e9t\u00e9 la passation de service entre le pr\u00e9sident sortant de la CEEAC, Denis Sassou Nguesso du Congo et l\u2019entrant Felix Tshisekedi de la R\u00e9publique D\u00e9mocratique du Congo.<\/p>\n<p>Dans son allocution, Felix Tshisekedi a r\u00e9it\u00e9r\u00e9 sa volont\u00e9 d\u2019\u0153uvrer \u00e0 poursuivre la vision donn\u00e9 \u00e0 la CEEAC par les dirigeants des pays membres. Elle est celle d\u2019intensifier la lutte contre l\u2019ins\u00e9curit\u00e9 maritime.<\/p>\n<p>Cette derni\u00e8re va se mat\u00e9rialiser par l\u2019organisation d\u2019une conf\u00e9rence maritime internationale coupl\u00e9e \u00e0 une r\u00e9union extraordinaire de l\u2019Union africaine sur le terrorisme, l\u2019extr\u00eame violence, l\u2019ins\u00e9curit\u00e9 transfrontali\u00e8re et nationale en Afrique.<\/p>\n<p>Un autre volet o\u00f9 tous les dirigeants de la CEEAC sont tomb\u00e9s d\u2019accord est de soutenir la transition au Tchad. Mais \u00e9galement la mutualisation des efforts pour poursuivre le processus d\u2019int\u00e9gration r\u00e9gionale en Afrique centrale sur le plan \u00e9conomique, mon\u00e9taire et s\u00e9curitaire.<\/p>\n<p>\u00a0<\/p>\n<p>\u00a0<\/p>\n<p>Cet article <a rel=\"nofollow\" href=\"https:\/\/www.journalducameroun.com\/sommet-ceeac-le-cameroun-recoit-le-soutien-de-ses-pairs\/\">Sommet CEEAC : le Cameroun re\u00e7oit le soutien de ses pairs<\/a> est apparu en premier sur <a rel=\"nofollow\" href=\"https:\/\/www.journalducameroun.com\/\">Journal du Cameroun<\/a>.<\/p>\n<\/div>\n<p>Auteur: Florine MOUANO<br \/>\n<a href=\"https:\/\/www.journalducameroun.com\/sommet-ceeac-le-cameroun-recoit-le-soutien-de-ses-pairs\/\">Cliquez ici pour lire l&rsquo;article depuis sa source.<\/a><\/p>\n","protected":false},"excerpt":{"rendered":"<p>Au cours de la 20\u00e8me session des chefs d\u2019Etats et de gouvernement, le pays de Paul Biya a vu sa candidature pour la pr\u00e9sidence de l\u2019Assemble G\u00e9n\u00e9rale de l\u2019ONU en 2023 \u00eatre appr\u00e9ci\u00e9e et soutenue. \u00a0 La solidarit\u00e9 a meubl\u00e9 les discussions des chefs d\u2019Etats et de gouvernement de l\u2019Afrique centrale. Et l\u2019un des gestes [&hellip;]<\/p>\n","protected":false},"author":1965,"featured_media":0,"comment_status":"closed","ping_status":"closed","sticky":false,"template":"","format":"standard","meta":{"fifu_image_url":"https:\/\/www.journalducameroun.com\/wp-content\/uploads\/2022\/01\/20220119_214208.jpg","fifu_image_alt":"Sommet CEEAC : le Cameroun re\u00e7oit le soutien de ses pairs","footnotes":""},"categories":[73,82],"tags":[],"class_list":["post-139032","post","type-post","status-publish","format-standard","hentry","category-actualite","category-cameroun"],"_links":{"self":[{"href":"https:\/\/linitiative.ca\/International\/wp-json\/wp\/v2\/posts\/139032","targetHints":{"allow":["GET"]}}],"collection":[{"href":"https:\/\/linitiative.ca\/International\/wp-json\/wp\/v2\/posts"}],"about":[{"href":"https:\/\/linitiative.ca\/International\/wp-json\/wp\/v2\/types\/post"}],"author":[{"embeddable":true,"href":"https:\/\/linitiative.ca\/International\/wp-json\/wp\/v2\/users\/1965"}],"replies":[{"embeddable":true,"href":"https:\/\/linitiative.ca\/International\/wp-json\/wp\/v2\/comments?post=139032"}],"version-history":[{"count":0,"href":"https:\/\/linitiative.ca\/International\/wp-json\/wp\/v2\/posts\/139032\/revisions"}],"wp:attachment":[{"href":"https:\/\/linitiative.ca\/International\/wp-json\/wp\/v2\/media?parent=139032"}],"wp:term":[{"taxonomy":"category","embeddable":true,"href":"https:\/\/linitiative.ca\/International\/wp-json\/wp\/v2\/categories?post=139032"},{"taxonomy":"post_tag","embeddable":true,"href":"https:\/\/linitiative.ca\/International\/wp-json\/wp\/v2\/tags?post=139032"}],"curies":[{"name":"wp","href":"https:\/\/api.w.org\/{rel}","templated":true}]}}