{"id":139034,"date":"2022-01-20T16:04:09","date_gmt":"2022-01-20T21:04:09","guid":{"rendered":"https:\/\/linitiative.ca\/International\/cameroun-le-centre-des-urgences-de-yaounde-asphyxie-par-des-patients\/"},"modified":"2022-01-20T16:04:09","modified_gmt":"2022-01-20T21:04:09","slug":"cameroun-le-centre-des-urgences-de-yaounde-asphyxie-par-des-patients","status":"publish","type":"post","link":"https:\/\/linitiative.ca\/International\/cameroun-le-centre-des-urgences-de-yaounde-asphyxie-par-des-patients\/","title":{"rendered":"Cameroun : le Centre des urgences de Yaound\u00e9 asphyxi\u00e9 par des patients"},"content":{"rendered":"<div>\n<p><img decoding=\"async\" width=\"612\" height=\"306\" src=\"https:\/\/linitiative.ca\/International\/wp-content\/uploads\/sites\/23\/2022\/01\/Centre-des-urgences-de-Yaounde.jpg\" class=\"attachment-post-thumbnail size-post-thumbnail wp-post-image\" alt=\"Le Centre des urgences de Yaound\u00e9 sous le poids des dettes.\" loading=\"lazy\" srcset=\"https:\/\/linitiative.ca\/International\/wp-content\/uploads\/sites\/23\/2022\/01\/Centre-des-urgences-de-Yaounde.jpg 612w, https:\/\/www.journalducameroun.com\/wp-content\/uploads\/2022\/01\/Centre-des-urgences-de-Yaounde-300x150.jpg 300w, https:\/\/www.journalducameroun.com\/wp-content\/uploads\/2022\/01\/Centre-des-urgences-de-Yaounde-600x300.jpg 600w\" sizes=\"auto, (max-width: 612px) 100vw, 612px\"><\/p>\n<p><strong><span style=\"font-size: 10pt;\">La formation sanitaire de deuxi\u00e8me cat\u00e9gorie agonise en raison des factures impay\u00e9es des patients. D\u00e9j\u00e0 plus de 1000 \u00a0malades insolvables point\u00e9s.<\/span><\/strong><\/p>\n<p>\u00a0<\/p>\n<p>Le <strong>Centre des urgences de Yaound\u00e9<\/strong> (Cury) pr\u00e9sente des signes d\u2019une infection financi\u00e8re. La structure cr\u00e9\u00e9e en 2015 enregistre pr\u00e8s de 100 millions de pertes par\u00a0 an. Elle a accumul\u00e9 des dettes d\u2019un montant non r\u00e9v\u00e9l\u00e9 aupr\u00e8s de la Centrale nationale d\u2019approvisionnement en m\u00e9dicaments et consommables m\u00e9dicaux essentiels (<strong>Cenam<\/strong>).<\/p>\n<p>A en croire le directeur g\u00e9n\u00e9ral de cette formation sanitaire, Dr Louis Joss Bitang \u00e0 Matock, les causes de cette pathologie se trouvent dans l\u2019insolvabilit\u00e9 des malades. C\u2019est du moins ce qui ressort du quotidien national bilingue dans sa parution du 20 janvier 2022.<\/p>\n<p>En effet, selon l\u2019administrateur, 90 patients sur 100 ne payent pas leurs factures \u00e0 l\u2019issue de la prise en charge \u00e0 l\u2019h\u00f4pital. Parmi ces patients insolvables, se trouvent en bonne place les malhonn\u00eates. Ce sont des patients qui refusent de r\u00e9gler leurs factures, une fois ils sont r\u00e9tablis. Face \u00e0 eux, l\u2019h\u00f4pital n\u2019a aucun moyen de contrainte efficace.<\/p>\n<p>A ceux-l\u00e0 s\u2019ajoutent ceux qui font le trafic d\u2019influence, ceux qui sont dans l\u2019incapacit\u00e9 de r\u00e9unir les frais de <strong>sant\u00e9<\/strong> du fait de leur situation sociale, ainsi que des malades non-assur\u00e9s.\u00a0 Un comportement qui impacte n\u00e9gativement sur les recettes du <strong>Cury<\/strong>.<\/p>\n<p>Par cons\u00e9quent, la structure peine \u00e0 respirer l\u2019air de la survie. Les dettes s\u2019accumulent, l\u2019appui de l\u2019Etat est sans effet important. Il manque des moyens pour assurer la maintenance des \u00e9quipements. Les salaires et les primes des 400 employ\u00e9s (pour une masse salariale de 45 millions de francs Cfa par an) sont pay\u00e9s en diff\u00e9r\u00e9.<\/p>\n<p>Pourtant, le centre a vu le jour pour prendre en charge les patients qui sont entre la vie et la mort. Il s\u2019agit des personnes victimes des fractures suite \u00e0 des accidents divers, des victimes d\u2019infarctus du myocarde ou d\u2019embolie pulmonaire. Au regard de cette importance, il est imp\u00e9ratif de trouver des solutions pour son r\u00e9tablissement.<\/p>\n<p>Cet article <a rel=\"nofollow\" href=\"https:\/\/www.journalducameroun.com\/cameroun-le-centre-des-urgences-de-yaounde-asphyxie-par-des-patients\/\">Cameroun : le Centre des urgences de Yaound\u00e9 asphyxi\u00e9 par des patients<\/a> est apparu en premier sur <a rel=\"nofollow\" href=\"https:\/\/www.journalducameroun.com\/\">Journal du Cameroun<\/a>.<\/p>\n<\/div>\n<p>Auteur: Florine MOUANO<br \/>\n<a href=\"https:\/\/www.journalducameroun.com\/cameroun-le-centre-des-urgences-de-yaounde-asphyxie-par-des-patients\/\">Cliquez ici pour lire l&rsquo;article depuis sa source.<\/a><\/p>\n","protected":false},"excerpt":{"rendered":"<p>La formation sanitaire de deuxi\u00e8me cat\u00e9gorie agonise en raison des factures impay\u00e9es des patients. D\u00e9j\u00e0 plus de 1000 \u00a0malades insolvables point\u00e9s. \u00a0 Le Centre des urgences de Yaound\u00e9 (Cury) pr\u00e9sente des signes d\u2019une infection financi\u00e8re. La structure cr\u00e9\u00e9e en 2015 enregistre pr\u00e8s de 100 millions de pertes par\u00a0 an. Elle a accumul\u00e9 des dettes d\u2019un [&hellip;]<\/p>\n","protected":false},"author":1965,"featured_media":0,"comment_status":"closed","ping_status":"closed","sticky":false,"template":"","format":"standard","meta":{"fifu_image_url":"https:\/\/www.journalducameroun.com\/wp-content\/uploads\/2022\/01\/Centre-des-urgences-de-Yaounde.jpg","fifu_image_alt":"Cameroun : le Centre des urgences de Yaound\u00e9 asphyxi\u00e9 par des patients","footnotes":""},"categories":[73,82],"tags":[],"class_list":["post-139034","post","type-post","status-publish","format-standard","hentry","category-actualite","category-cameroun"],"_links":{"self":[{"href":"https:\/\/linitiative.ca\/International\/wp-json\/wp\/v2\/posts\/139034","targetHints":{"allow":["GET"]}}],"collection":[{"href":"https:\/\/linitiative.ca\/International\/wp-json\/wp\/v2\/posts"}],"about":[{"href":"https:\/\/linitiative.ca\/International\/wp-json\/wp\/v2\/types\/post"}],"author":[{"embeddable":true,"href":"https:\/\/linitiative.ca\/International\/wp-json\/wp\/v2\/users\/1965"}],"replies":[{"embeddable":true,"href":"https:\/\/linitiative.ca\/International\/wp-json\/wp\/v2\/comments?post=139034"}],"version-history":[{"count":0,"href":"https:\/\/linitiative.ca\/International\/wp-json\/wp\/v2\/posts\/139034\/revisions"}],"wp:attachment":[{"href":"https:\/\/linitiative.ca\/International\/wp-json\/wp\/v2\/media?parent=139034"}],"wp:term":[{"taxonomy":"category","embeddable":true,"href":"https:\/\/linitiative.ca\/International\/wp-json\/wp\/v2\/categories?post=139034"},{"taxonomy":"post_tag","embeddable":true,"href":"https:\/\/linitiative.ca\/International\/wp-json\/wp\/v2\/tags?post=139034"}],"curies":[{"name":"wp","href":"https:\/\/api.w.org\/{rel}","templated":true}]}}