{"id":139036,"date":"2022-01-20T16:43:36","date_gmt":"2022-01-20T21:43:36","guid":{"rendered":"https:\/\/linitiative.ca\/International\/cameroun-cafe-litteraire-avec-henri-djobo\/"},"modified":"2022-01-20T16:43:36","modified_gmt":"2022-01-20T21:43:36","slug":"cameroun-cafe-litteraire-avec-henri-djobo","status":"publish","type":"post","link":"https:\/\/linitiative.ca\/International\/cameroun-cafe-litteraire-avec-henri-djobo\/","title":{"rendered":"Cameroun : caf\u00e9 litt\u00e9raire avec Henri Djobo"},"content":{"rendered":"<div>\n<p><img decoding=\"async\" width=\"1040\" height=\"468\" src=\"https:\/\/linitiative.ca\/International\/wp-content\/uploads\/sites\/23\/2022\/01\/IMG_20220119_220653_39.jpg\" class=\"attachment-post-thumbnail size-post-thumbnail wp-post-image\" alt=\"Photo de famille de la rencontre litt\u00e9raire. journalducameroun.com\" loading=\"lazy\" srcset=\"https:\/\/linitiative.ca\/International\/wp-content\/uploads\/sites\/23\/2022\/01\/IMG_20220119_220653_39.jpg 1040w, https:\/\/www.journalducameroun.com\/wp-content\/uploads\/2022\/01\/IMG_20220119_220653_39-300x135.jpg 300w, https:\/\/www.journalducameroun.com\/wp-content\/uploads\/2022\/01\/IMG_20220119_220653_39-1024x461.jpg 1024w, https:\/\/www.journalducameroun.com\/wp-content\/uploads\/2022\/01\/IMG_20220119_220653_39-768x346.jpg 768w, https:\/\/www.journalducameroun.com\/wp-content\/uploads\/2022\/01\/IMG_20220119_220653_39-978x440.jpg 978w, https:\/\/www.journalducameroun.com\/wp-content\/uploads\/2022\/01\/IMG_20220119_220653_39-600x270.jpg 600w\" sizes=\"auto, (max-width: 1040px) 100vw, 1040px\"><\/p>\n<p><strong><span style=\"font-size: 10pt;\">Le ministre d\u2019Etat congolais en charge de l\u2019agriculture en s\u00e9jour priv\u00e9 au Cameroun a particip\u00e9 \u00e0 une rencontre avec des amoureux des lettres le 19 janvier dernier \u00e0 Yaound\u00e9. Occasion pour lui de pr\u00e9senter son livre r\u00e9cemment paru.<\/span><\/strong><\/p>\n<p>\u00a0<\/p>\n<p><strong><em>Le miraculeux du vol 352.<\/em><\/strong> Il ne s\u2019agit pas d\u2019un film hollywoodien. Mais plut\u00f4t du titre de l\u2019ouvrage \u00e9crit par <strong>le ministre congolais de l\u2019Agriculture<\/strong>, <strong>Henri Djobo<\/strong>. Lors d\u2019un \u00e9change avec des auteurs camerounais mercredi dernier, il est revenu sur la toile de fond de son roman.<\/p>\n<p>Un jour plut\u00f4t ordinaire o\u00f9 les avions d\u00e9collent et atterrissent comme d\u2019habitude qui va se transformer en jour de larmes. Le <strong>vol 352<\/strong> sans aucune attente conna\u00eet un crash a\u00e9rien. Cons\u00e9quence, de nombreux morts sauf une seule personne qui parvient miraculeusement \u00e0 survire. Mais, elle va plonger dans un coma et, est d\u00e9sormais entre la vie et la mort.<\/p>\n<p>Le miracle continuera pour ce passager. Il finira par ouvrir les yeux. Son s\u00e9jour \u00e0 l\u2019h\u00f4pital sera des plus reluisants. Une <strong>histoire d\u2019amour<\/strong> entre un patient et une infirmi\u00e8re puisqu\u2019il s\u2019agit de \u00e7a. Echapper \u00e0 la mort pour tomber sur une perle rare au sourire \u00e9clatant, d\u2019une attention \u00e0 pincer les c\u0153urs et d\u2019un regard tout aussi reluisant que chatoyant ne pouvait que faire de ce passager un miraculeux.<\/p>\n<p>Outre cupidon, l\u2019auteur pr\u00e9sente une autre facette de la vie o\u00f9 bien que plusieurs peuvent se r\u00e9jouir de notre survie, d\u2019autres non. Une particularit\u00e9 de cet ouvrage est <strong>qu\u2019Henri Djobo<\/strong> l\u2019\u00e9crivit au lendemain de sa sortie du coma. Une inspiration plut\u00f4t originale.<\/p>\n<p>La c\u00e9r\u00e9monie s\u2019est agrain\u00e9e par la remise de certains bouquins en guise de cadeaux \u00e0 l\u2019h\u00f4te\u00a0 du jour notamment <strong><em>Le p\u00e9ch\u00e9 qui nous est cach\u00e9 <\/em>de Richard Antoine Lob\u00e9 et <em>A hauteur de sang <\/em>de Sa Majest\u00e9 Jean Claude Awono<\/strong>.<\/p>\n<p>Une soir\u00e9e riche en son et en couleurs avec des performances comme celle de <strong>Queen Edima<\/strong> avec sa reprise de Miriam Akeba. De quoi faire luire les yeux du Pr Faustin Mvogo. Sans oublier aussi le po\u00e8me d\u00e9clam\u00e9 par <strong>Alex Daniel Longang<\/strong>.<\/p>\n<p>Cet article <a rel=\"nofollow\" href=\"https:\/\/www.journalducameroun.com\/cameroun-cafe-litteraire-avec-henri-djobo\/\">Cameroun : caf\u00e9 litt\u00e9raire avec Henri Djobo<\/a> est apparu en premier sur <a rel=\"nofollow\" href=\"https:\/\/www.journalducameroun.com\/\">Journal du Cameroun<\/a>.<\/p>\n<\/div>\n<p>Auteur: Florine MOUANO<br \/>\n<a href=\"https:\/\/www.journalducameroun.com\/cameroun-cafe-litteraire-avec-henri-djobo\/\">Cliquez ici pour lire l&rsquo;article depuis sa source.<\/a><\/p>\n","protected":false},"excerpt":{"rendered":"<p>Le ministre d\u2019Etat congolais en charge de l\u2019agriculture en s\u00e9jour priv\u00e9 au Cameroun a particip\u00e9 \u00e0 une rencontre avec des amoureux des lettres le 19 janvier dernier \u00e0 Yaound\u00e9. Occasion pour lui de pr\u00e9senter son livre r\u00e9cemment paru. \u00a0 Le miraculeux du vol 352. Il ne s\u2019agit pas d\u2019un film hollywoodien. Mais plut\u00f4t du titre [&hellip;]<\/p>\n","protected":false},"author":1965,"featured_media":0,"comment_status":"closed","ping_status":"closed","sticky":false,"template":"","format":"standard","meta":{"fifu_image_url":"https:\/\/www.journalducameroun.com\/wp-content\/uploads\/2022\/01\/IMG_20220119_220653_39.jpg","fifu_image_alt":"Cameroun : caf\u00e9 litt\u00e9raire avec Henri Djobo","footnotes":""},"categories":[73,82],"tags":[],"class_list":["post-139036","post","type-post","status-publish","format-standard","hentry","category-actualite","category-cameroun"],"_links":{"self":[{"href":"https:\/\/linitiative.ca\/International\/wp-json\/wp\/v2\/posts\/139036","targetHints":{"allow":["GET"]}}],"collection":[{"href":"https:\/\/linitiative.ca\/International\/wp-json\/wp\/v2\/posts"}],"about":[{"href":"https:\/\/linitiative.ca\/International\/wp-json\/wp\/v2\/types\/post"}],"author":[{"embeddable":true,"href":"https:\/\/linitiative.ca\/International\/wp-json\/wp\/v2\/users\/1965"}],"replies":[{"embeddable":true,"href":"https:\/\/linitiative.ca\/International\/wp-json\/wp\/v2\/comments?post=139036"}],"version-history":[{"count":0,"href":"https:\/\/linitiative.ca\/International\/wp-json\/wp\/v2\/posts\/139036\/revisions"}],"wp:attachment":[{"href":"https:\/\/linitiative.ca\/International\/wp-json\/wp\/v2\/media?parent=139036"}],"wp:term":[{"taxonomy":"category","embeddable":true,"href":"https:\/\/linitiative.ca\/International\/wp-json\/wp\/v2\/categories?post=139036"},{"taxonomy":"post_tag","embeddable":true,"href":"https:\/\/linitiative.ca\/International\/wp-json\/wp\/v2\/tags?post=139036"}],"curies":[{"name":"wp","href":"https:\/\/api.w.org\/{rel}","templated":true}]}}