{"id":139038,"date":"2022-01-20T17:18:03","date_gmt":"2022-01-20T22:18:03","guid":{"rendered":"https:\/\/linitiative.ca\/International\/le-maroc-reitere-son-attachement-a-la-stabilite-du-mali\/"},"modified":"2022-01-20T17:18:03","modified_gmt":"2022-01-20T22:18:03","slug":"le-maroc-reitere-son-attachement-a-la-stabilite-du-mali","status":"publish","type":"post","link":"https:\/\/linitiative.ca\/International\/le-maroc-reitere-son-attachement-a-la-stabilite-du-mali\/","title":{"rendered":"Le Maroc r\u00e9it\u00e8re son attachement \u00e0 la stabilit\u00e9 du Mali"},"content":{"rendered":"<div>\n<p><img decoding=\"async\" width=\"960\" height=\"746\" src=\"https:\/\/linitiative.ca\/International\/wp-content\/uploads\/sites\/23\/2022\/01\/16427170832050.jpg\" class=\"attachment-post-thumbnail size-post-thumbnail wp-post-image\" alt=\"\" loading=\"lazy\" srcset=\"https:\/\/linitiative.ca\/International\/wp-content\/uploads\/sites\/23\/2022\/01\/16427170832050.jpg 960w, https:\/\/www.journalducameroun.com\/wp-content\/uploads\/2022\/01\/16427170832050-300x233.jpg 300w, https:\/\/www.journalducameroun.com\/wp-content\/uploads\/2022\/01\/16427170832050-768x597.jpg 768w, https:\/\/www.journalducameroun.com\/wp-content\/uploads\/2022\/01\/16427170832050-566x440.jpg 566w, https:\/\/www.journalducameroun.com\/wp-content\/uploads\/2022\/01\/16427170832050-600x466.jpg 600w\" sizes=\"auto, (max-width: 960px) 100vw, 960px\"><\/p>\n<p>Le ministre marocain des Affaires \u00e9trang\u00e8res, Nasser Bourita, s&rsquo;est entretenu jeudi au t\u00e9l\u00e9phone avec son homologue malien, Abdoulaye Diop.Les \u00e9changes entre les deux responsables ont port\u00e9 sur les relations solides unissant les deux pays, qui ont connu un v\u00e9ritable essor lors des visites du Roi Mohammed VI \u00e0 Bamako en 2013 et 2014, indique un communiqu\u00e9 du minist\u00e8re marocain des Affaires \u00e9trang\u00e8res.<\/p>\n<p>A cette occasion, Nasser Bourita a r\u00e9it\u00e9r\u00e9 l&rsquo;attachement accord\u00e9 par le Maroc \u00e0 la stabilit\u00e9 du Mali, exprimant la confiance de Rabat dans la capacit\u00e9 des autorit\u00e9s et forces vives maliennes \u00e0 prendre les mesures susceptibles de renforcer la coh\u00e9sion nationale et \u00e0 s&rsquo;engager dans une voie durable pour la paix et la stabilit\u00e9, ajoute la m\u00eame source.<\/p>\n<p>Rappelons que le gouvernement du colonel malien Assimi Goita, qui a pris le pouvoir lors d&rsquo;un coup d&rsquo;Etat en ao\u00fbt 2020, a propos\u00e9 le mois dernier une p\u00e9riode de transition de cinq ans, arguant que l&rsquo;ins\u00e9curit\u00e9 chronique rendait impossible la tenue d&rsquo;\u00e9lections en toute s\u00e9curit\u00e9.<\/p>\n<p>Cette annonce lui a valu une s\u00e9rie de sanctions de la Communaut\u00e9 \u00e9conomique des Etats de l&rsquo;Afrique de l&rsquo;Ouest (CEDEAO). En effet, la CEDEAO avait annonc\u00e9, le 9 janvier, une s\u00e9rie de sanctions notamment la fermeture des fronti\u00e8res terrestres et a\u00e9riennes entre les pays membres et le Mali, la suspension de toutes les transactions commerciales, \u00e0 l&rsquo;exception des produits de premi\u00e8re n\u00e9cessit\u00e9.<\/p>\n<p>Cet article <a rel=\"nofollow\" href=\"https:\/\/www.journalducameroun.com\/le-maroc-reitere-son-attachement-a-la-stabilite-du-mali\/\">Le Maroc r\u00e9it\u00e8re son attachement \u00e0 la stabilit\u00e9 du Mali<\/a> est apparu en premier sur <a rel=\"nofollow\" href=\"https:\/\/www.journalducameroun.com\/\">Journal du Cameroun<\/a>.<\/p>\n<\/div>\n<p>Auteur: APA News<br \/>\n<a href=\"https:\/\/www.journalducameroun.com\/le-maroc-reitere-son-attachement-a-la-stabilite-du-mali\/\">Cliquez ici pour lire l&rsquo;article depuis sa source.<\/a><\/p>\n","protected":false},"excerpt":{"rendered":"<p>Le ministre marocain des Affaires \u00e9trang\u00e8res, Nasser Bourita, s&rsquo;est entretenu jeudi au t\u00e9l\u00e9phone avec son homologue malien, Abdoulaye Diop.Les \u00e9changes entre les deux responsables ont port\u00e9 sur les relations solides unissant les deux pays, qui ont connu un v\u00e9ritable essor lors des visites du Roi Mohammed VI \u00e0 Bamako en 2013 et 2014, indique un [&hellip;]<\/p>\n","protected":false},"author":1965,"featured_media":0,"comment_status":"closed","ping_status":"closed","sticky":false,"template":"","format":"standard","meta":{"fifu_image_url":"https:\/\/www.journalducameroun.com\/wp-content\/uploads\/2022\/01\/16427170832050.jpg","fifu_image_alt":"Le Maroc r\u00e9it\u00e8re son attachement \u00e0 la stabilit\u00e9 du Mali","footnotes":""},"categories":[73,82],"tags":[],"class_list":["post-139038","post","type-post","status-publish","format-standard","hentry","category-actualite","category-cameroun"],"_links":{"self":[{"href":"https:\/\/linitiative.ca\/International\/wp-json\/wp\/v2\/posts\/139038","targetHints":{"allow":["GET"]}}],"collection":[{"href":"https:\/\/linitiative.ca\/International\/wp-json\/wp\/v2\/posts"}],"about":[{"href":"https:\/\/linitiative.ca\/International\/wp-json\/wp\/v2\/types\/post"}],"author":[{"embeddable":true,"href":"https:\/\/linitiative.ca\/International\/wp-json\/wp\/v2\/users\/1965"}],"replies":[{"embeddable":true,"href":"https:\/\/linitiative.ca\/International\/wp-json\/wp\/v2\/comments?post=139038"}],"version-history":[{"count":0,"href":"https:\/\/linitiative.ca\/International\/wp-json\/wp\/v2\/posts\/139038\/revisions"}],"wp:attachment":[{"href":"https:\/\/linitiative.ca\/International\/wp-json\/wp\/v2\/media?parent=139038"}],"wp:term":[{"taxonomy":"category","embeddable":true,"href":"https:\/\/linitiative.ca\/International\/wp-json\/wp\/v2\/categories?post=139038"},{"taxonomy":"post_tag","embeddable":true,"href":"https:\/\/linitiative.ca\/International\/wp-json\/wp\/v2\/tags?post=139038"}],"curies":[{"name":"wp","href":"https:\/\/api.w.org\/{rel}","templated":true}]}}