{"id":139040,"date":"2022-01-20T17:18:04","date_gmt":"2022-01-20T22:18:04","guid":{"rendered":"https:\/\/linitiative.ca\/International\/le-maroc-preside-le-conseil-dadministration-du-forum-international-des-fonds-souverains\/"},"modified":"2022-01-20T17:18:04","modified_gmt":"2022-01-20T22:18:04","slug":"le-maroc-preside-le-conseil-dadministration-du-forum-international-des-fonds-souverains","status":"publish","type":"post","link":"https:\/\/linitiative.ca\/International\/le-maroc-preside-le-conseil-dadministration-du-forum-international-des-fonds-souverains\/","title":{"rendered":"Le Maroc pr\u00e9side le Conseil d\u2019administration du Forum international des fonds souverains"},"content":{"rendered":"<div>\n<p><img decoding=\"async\" width=\"600\" height=\"343\" src=\"https:\/\/linitiative.ca\/International\/wp-content\/uploads\/sites\/23\/2022\/01\/16427170847360.jpg\" class=\"attachment-post-thumbnail size-post-thumbnail wp-post-image\" alt=\"\" loading=\"lazy\" srcset=\"https:\/\/linitiative.ca\/International\/wp-content\/uploads\/sites\/23\/2022\/01\/16427170847360.jpg 600w, https:\/\/www.journalducameroun.com\/wp-content\/uploads\/2022\/01\/16427170847360-300x172.jpg 300w, https:\/\/www.journalducameroun.com\/wp-content\/uploads\/2022\/01\/16427170847360-160x90.jpg 160w, https:\/\/www.journalducameroun.com\/wp-content\/uploads\/2022\/01\/16427170847360-350x200.jpg 350w\" sizes=\"auto, (max-width: 600px) 100vw, 600px\"><\/p>\n<p>Le fonds souverain marocain Ithmar Capital a \u00e9t\u00e9 \u00e9lu, \u00e0 une large majorit\u00e9, \u00e0 la pr\u00e9sidence du Conseil d&rsquo;administration du Forum international des fonds souverains (IFSWF) lors de sa 13\u00e8me assembl\u00e9e annuelle et ce, pour un mandat de 3 ans. Cette \u00e9lection est une premi\u00e8re pour un fonds souverain africain, comme l&rsquo;indique un communiqu\u00e9 de Ithmar Capital.Lors de son mandat, Ithmar Capital compte appuyer notamment les th\u00e9matiques ayant trait \u00e0 l&rsquo;\u00e9conomie verte et de mani\u00e8re plus g\u00e9n\u00e9rale promouvoir le r\u00f4le de l&rsquo;investissement comme levier d&rsquo;acc\u00e9l\u00e9ration d&rsquo;un d\u00e9veloppement durable et inclusif.<\/p>\n<p>Cr\u00e9\u00e9 en 2011, Ithmar est un fonds d&rsquo;investissement strat\u00e9gique avec pour vocation premi\u00e8re l&rsquo;accompagnement du d\u00e9veloppement \u00e9conomique du Maroc. Fonds multisectoriel, Ithmar vise \u00e0 promouvoir l&rsquo;investissement dans tous les secteurs strat\u00e9giques nationaux en d\u00e9veloppant des projets structurants et transformationnels avec un fort impact.<\/p>\n<p>Cet article <a rel=\"nofollow\" href=\"https:\/\/www.journalducameroun.com\/le-maroc-preside-le-conseil-dadministration-du-forum-international-des-fonds-souverains\/\">Le Maroc pr\u00e9side le Conseil d\u2019administration du Forum international des fonds souverains<\/a> est apparu en premier sur <a rel=\"nofollow\" href=\"https:\/\/www.journalducameroun.com\/\">Journal du Cameroun<\/a>.<\/p>\n<\/div>\n<p>Auteur: APA News<br \/>\n<a href=\"https:\/\/www.journalducameroun.com\/le-maroc-preside-le-conseil-dadministration-du-forum-international-des-fonds-souverains\/\">Cliquez ici pour lire l&rsquo;article depuis sa source.<\/a><\/p>\n","protected":false},"excerpt":{"rendered":"<p>Le fonds souverain marocain Ithmar Capital a \u00e9t\u00e9 \u00e9lu, \u00e0 une large majorit\u00e9, \u00e0 la pr\u00e9sidence du Conseil d&rsquo;administration du Forum international des fonds souverains (IFSWF) lors de sa 13\u00e8me assembl\u00e9e annuelle et ce, pour un mandat de 3 ans. Cette \u00e9lection est une premi\u00e8re pour un fonds souverain africain, comme l&rsquo;indique un communiqu\u00e9 de [&hellip;]<\/p>\n","protected":false},"author":1965,"featured_media":0,"comment_status":"closed","ping_status":"closed","sticky":false,"template":"","format":"standard","meta":{"fifu_image_url":"https:\/\/www.journalducameroun.com\/wp-content\/uploads\/2022\/01\/16427170847360.jpg","fifu_image_alt":"Le Maroc pr\u00e9side le Conseil d\u2019administration du Forum international des fonds souverains","footnotes":""},"categories":[73,82],"tags":[],"class_list":["post-139040","post","type-post","status-publish","format-standard","hentry","category-actualite","category-cameroun"],"_links":{"self":[{"href":"https:\/\/linitiative.ca\/International\/wp-json\/wp\/v2\/posts\/139040","targetHints":{"allow":["GET"]}}],"collection":[{"href":"https:\/\/linitiative.ca\/International\/wp-json\/wp\/v2\/posts"}],"about":[{"href":"https:\/\/linitiative.ca\/International\/wp-json\/wp\/v2\/types\/post"}],"author":[{"embeddable":true,"href":"https:\/\/linitiative.ca\/International\/wp-json\/wp\/v2\/users\/1965"}],"replies":[{"embeddable":true,"href":"https:\/\/linitiative.ca\/International\/wp-json\/wp\/v2\/comments?post=139040"}],"version-history":[{"count":0,"href":"https:\/\/linitiative.ca\/International\/wp-json\/wp\/v2\/posts\/139040\/revisions"}],"wp:attachment":[{"href":"https:\/\/linitiative.ca\/International\/wp-json\/wp\/v2\/media?parent=139040"}],"wp:term":[{"taxonomy":"category","embeddable":true,"href":"https:\/\/linitiative.ca\/International\/wp-json\/wp\/v2\/categories?post=139040"},{"taxonomy":"post_tag","embeddable":true,"href":"https:\/\/linitiative.ca\/International\/wp-json\/wp\/v2\/tags?post=139040"}],"curies":[{"name":"wp","href":"https:\/\/api.w.org\/{rel}","templated":true}]}}