{"id":139044,"date":"2022-01-20T10:11:24","date_gmt":"2022-01-20T15:11:24","guid":{"rendered":"https:\/\/linitiative.ca\/International\/bassin-du-lac-tchad-plus-de-6-milliards-de-fcfa-pour-le-prolac-en-2022\/"},"modified":"2022-01-20T10:11:24","modified_gmt":"2022-01-20T15:11:24","slug":"bassin-du-lac-tchad-plus-de-6-milliards-de-fcfa-pour-le-prolac-en-2022","status":"publish","type":"post","link":"https:\/\/linitiative.ca\/International\/bassin-du-lac-tchad-plus-de-6-milliards-de-fcfa-pour-le-prolac-en-2022\/","title":{"rendered":"Bassin du Lac Tchad : plus de 6 milliards de Fcfa pour le Prolac en 2022"},"content":{"rendered":"<div>\n<p>Les membres du comit\u00e9 de pilotage du Projet de Relance et de D\u00e9veloppement de la r\u00e9gion du Lac Tchad (Prolac), ont tenu le 17 janvier 2022, leur premi\u00e8re session de travaux, sous la pr\u00e9sidence du ministre de l\u2019Economie, de la Planification et de l\u2019am\u00e9nagement du territoire (Minepat), Alamine Ousmane Mey. Durant cette rencontre, il \u00e9tait question de passer en revue les premi\u00e8res activit\u00e9s impl\u00e9ment\u00e9es par l\u2019unit\u00e9 de gestion du projet, approuv\u00e9, en r\u00e9gularisation, le plan de travail et le budget 2021. Autre point \u00e0 l\u2019ordre du jour l\u2019adoption du budget 2022 et le plan de travail de cette ann\u00e9e. Pour cet exercice une enveloppe de plus de 6 milliards a \u00e9t\u00e9 arr\u00eat\u00e9e pour le Prolac. Soit 18% de l\u2019enveloppe globale du projet qui est de 60 millions de dollars US, soit pr\u00e8s de 36 milliards de FCFA.<\/p>\n<p><strong>Lire aussi<\/strong> : <strong><a href=\"https:\/\/ecomatin.net\/la-banque-mondiale-accorde-36-milliards-de-fcfa-pour-le-bassin-du-lac-tchad\/\">La Banque mondiale accorde 36 milliards de Fcfa pour le Bassin du Lac Tchad<\/a><\/strong><\/p>\n<p>Cette enveloppe permettra donc de poursuivre les diff\u00e9rentes missions qui sont assign\u00e9s au projet. De prime \u00e0 bord le Prolac a pour objectif, la recherche de l\u2019accroissement des capacit\u00e9s de r\u00e9silience des populations vivant autour du Lac Tchad, les plus vuln\u00e9rables notamment les femmes et les jeunes et le retour de cette partie de cette partie pays sur le sentier de la croissance et de l\u2019\u00e9mergence. Il sera question \u00e0 travers ce programme sp\u00e9cifique au d\u00e9partement du Logone et Chari dans la r\u00e9gion de l\u2019Extr\u00eame-Nord,\u00a0\u00a0d\u2019octroyer des bourses d\u2019\u00e9tudes \u00e0 30 doctorants et 50 \u00e9tudiants en Master et des \u00e9quipements et intrants agricoles aux populations ; de construire des forages pastoraux, d\u00e9barcad\u00e8res, chambres froides, ainsi que des infrastructures sociales de base (\u00e9coles, centres de sant\u00e9, etc.) ; de r\u00e9habiliter 314 Km de routes communales ; d\u2019am\u00e9nager plusieurs p\u00e9rim\u00e8tres irrigu\u00e9s ; et de renforcer les mesures de lutte contre les inondations. Avec 300 000 emplois directs et 800 000 emplois indirects escompt\u00e9s.<\/p>\n<p><strong>Lire aussi<\/strong> : <strong><a href=\"https:\/\/ecomatin.net\/bassin-du-lac-tchad-lallemagne-offre-98-milliards-pour-la-lutte-contre-boko-haram\/\">Bassin du Lac Tchad : l\u2019Allemagne offre 9,8 milliards pour la lutte contre Boko Haram<\/a><\/strong><\/p>\n<p>Indiquons que c\u2019est le 26 janvier 2021, que le Minepat et le repr\u00e9sentant r\u00e9sident de la Banque mondiale au Cameroun Abdoulaye Seck avaient sign\u00e9\u00a0l\u2019accord de cr\u00e9dit pour la mise en oeuvre du Prolac, dont le financement provient de l\u2019Association internationale de d\u00e9veloppement (IDA), guichet concessionnel de la Banque mondiale. Ceci pour une dur\u00e9e de 5 ans (2021-2025).<\/p>\n<p><strong>Lire aussi<\/strong> : <strong><a href=\"https:\/\/ecomatin.net\/63-milliards-fcfa-pour-soutenir-les-populations-vulnerables-dans-le-bassin-du-lac-tchad\/\" target=\"_blank\" rel=\"noreferrer noopener\">6,3 milliards FCFA pour soutenir les populations vuln\u00e9rables dans le Bassin du lac Tchad<\/a><\/strong><\/p>\n<p>Le Projet de Relance et de D\u00e9veloppement de la r\u00e9gion du Lac Tchad (Prolac), ne concerne pas seulement le Cameroun. Il s\u2019\u00e9tend \u00e9galement dans les autres pays de la r\u00e9gion du Bassin du Lac Tchad que sont le Tchad, le Niger et le Nigeria. Celui-ci s\u2019articule autour de 05 composantes\u00a0: la mise en place d\u2019une plateforme r\u00e9gionale de gestion des connaissances \u00e0 l\u2019effet de mieux capitaliser tout le savoir g\u00e9n\u00e9r\u00e9 par la r\u00e9alisation des \u00e9tudes autour du Bassin du Lac Tchad ; la facilitation de la mobilit\u00e9 rurale en vue de permettre l\u2019acheminement des productions agricoles des bassins vers les march\u00e9s locaux ; le d\u00e9veloppement des cha\u00eenes de valeur pour contribuer \u00e0 la mise en place des activit\u00e9s, g\u00e9n\u00e9ratrices de revenus dans la zone ; la gestion du projet ; et l\u2019intervention d\u2019urgence contingente.<\/p>\n<p>L\u2019article <a rel=\"nofollow\" href=\"https:\/\/ecomatin.net\/bassin-du-lac-tchad-plus-de-6-milliards-s-de-fcfa-pour-le-prolac-en-2022\/\">Bassin du Lac Tchad : plus de 6 milliards de Fcfa pour le Prolac en 2022<\/a> est apparu en premier sur <a rel=\"nofollow\" href=\"https:\/\/ecomatin.net\/\">EcoMatin<\/a>.<\/p>\n<\/div>\n<p>Auteur: Cindy MBALA<br \/>\n<a href=\"https:\/\/ecomatin.net\/bassin-du-lac-tchad-plus-de-6-milliards-s-de-fcfa-pour-le-prolac-en-2022\/\">Cliquez ici pour lire l&rsquo;article depuis sa source.<\/a><\/p>\n","protected":false},"excerpt":{"rendered":"<p>Les membres du comit\u00e9 de pilotage du Projet de Relance et de D\u00e9veloppement de la r\u00e9gion du Lac Tchad (Prolac), ont tenu le 17 janvier 2022, leur premi\u00e8re session de travaux, sous la pr\u00e9sidence du ministre de l\u2019Economie, de la Planification et de l\u2019am\u00e9nagement du territoire (Minepat), Alamine Ousmane Mey. Durant cette rencontre, il \u00e9tait [&hellip;]<\/p>\n","protected":false},"author":1969,"featured_media":0,"comment_status":"closed","ping_status":"closed","sticky":false,"template":"","format":"standard","meta":{"fifu_image_url":"","fifu_image_alt":"","footnotes":""},"categories":[82,78],"tags":[],"class_list":["post-139044","post","type-post","status-publish","format-standard","hentry","category-cameroun","category-economie"],"_links":{"self":[{"href":"https:\/\/linitiative.ca\/International\/wp-json\/wp\/v2\/posts\/139044","targetHints":{"allow":["GET"]}}],"collection":[{"href":"https:\/\/linitiative.ca\/International\/wp-json\/wp\/v2\/posts"}],"about":[{"href":"https:\/\/linitiative.ca\/International\/wp-json\/wp\/v2\/types\/post"}],"author":[{"embeddable":true,"href":"https:\/\/linitiative.ca\/International\/wp-json\/wp\/v2\/users\/1969"}],"replies":[{"embeddable":true,"href":"https:\/\/linitiative.ca\/International\/wp-json\/wp\/v2\/comments?post=139044"}],"version-history":[{"count":0,"href":"https:\/\/linitiative.ca\/International\/wp-json\/wp\/v2\/posts\/139044\/revisions"}],"wp:attachment":[{"href":"https:\/\/linitiative.ca\/International\/wp-json\/wp\/v2\/media?parent=139044"}],"wp:term":[{"taxonomy":"category","embeddable":true,"href":"https:\/\/linitiative.ca\/International\/wp-json\/wp\/v2\/categories?post=139044"},{"taxonomy":"post_tag","embeddable":true,"href":"https:\/\/linitiative.ca\/International\/wp-json\/wp\/v2\/tags?post=139044"}],"curies":[{"name":"wp","href":"https:\/\/api.w.org\/{rel}","templated":true}]}}