{"id":139046,"date":"2022-01-20T12:00:46","date_gmt":"2022-01-20T17:00:46","guid":{"rendered":"https:\/\/linitiative.ca\/International\/sylviculture-comment-lanafor-promeut-les-plantations-forestieres-en-2022\/"},"modified":"2022-01-20T12:00:46","modified_gmt":"2022-01-20T17:00:46","slug":"sylviculture-comment-lanafor-promeut-les-plantations-forestieres-en-2022","status":"publish","type":"post","link":"https:\/\/linitiative.ca\/International\/sylviculture-comment-lanafor-promeut-les-plantations-forestieres-en-2022\/","title":{"rendered":"Sylviculture : comment l\u2019Anafor promeut les plantations foresti\u00e8res en 2022"},"content":{"rendered":"<div>\n<p>L\u2019Anafor a un nouveau cheval de bataille pour l\u2019exercice 2022. Il s\u2019agit du\u00a0Pndpf\u00a0 consid\u00e9r\u00e9 comme \u00ab\u00a0un outil de transformation structurelle de nos activit\u00e9s pour une \u00e9conomie foresti\u00e8re bas\u00e9e sur les for\u00eats plant\u00e9es\u00a0\u00bb. Le 30 d\u00e9cembre 2021, le Conseil d\u2019administration de l\u2019Anafor a plac\u00e9 ce programme sous sa tutelle technique. Pour mener \u00e0 bon port ce programme, des documents mentionnant les diff\u00e9rentes modalit\u00e9s d\u2019ex\u00e9cution du programme ont \u00e9t\u00e9 attribu\u00e9s \u00e0 l\u2019agence. La cr\u00e9ation de ce nouveau programme \u00e0 la faveur du changement de statut du Programme National de Reboisement de 2006 a pour principal objectif d\u2019accro\u00eetre la surface foresti\u00e8re nationale. Outre cette mission, le Pndpf assure le d\u00e9veloppement des cha\u00eenes de valeur et pr\u00f4ne une \u00e9conomie sylvicole alternative \u00e0 la production du bois d\u2019\u0153uvre issu des for\u00eats naturelles. Ce programme contribue \u00e9galement \u00e0 l\u2019atteinte des objectifs nationaux qui visent \u00e0 lutter contre les changements climatiques et de restauration de paysages.<\/p>\n<p><strong>Lire aussi : <a href=\"https:\/\/ecomatin.net\/lanafor-adopte-un-budget-de-2-1-milliards-de-fcfa-en-2021\/\">L\u2019Anafor adopte un budget de 2 ,1 milliards de FCFA en 2021<\/a><\/strong><\/p>\n<p>Pour l\u2019exercice 2022, des projets doivent \u00eatre \u00e9labor\u00e9s et soumis au guichet de financement dudit programme. Dans les d\u00e9tails, il s\u2019agit du processus d\u2019op\u00e9rationnalisation du concept de\u00a0<em>\u00ab\u00a0sylviculture de<\/em>\u00a0<em>2<sup>\u00e8me<\/sup>\u00a0g\u00e9n\u00e9ration\u00a0\u00bb<\/em>\u00a0qui sous-tend la transition sylvicole au Cameroun.<\/p>\n<p><strong>Ex\u00e9cution budg\u00e9taire<\/strong><\/p>\n<p>Au cours de cette r\u00e9union, les experts venus de diff\u00e9rents minist\u00e8res (Finances\u00a0; For\u00eats et Faune\u00a0; Economie) ont partag\u00e9 avec le public des exp\u00e9riences et id\u00e9es pour des r\u00e9sultats concrets d\u00e8s la fin d\u2019ann\u00e9e 2022. C\u2019est ainsi que Samuel Legrand Dooh Ekoko, expert et repr\u00e9sentant du Minfi a, durant 30 minutes environ, \u00e9chang\u00e9 avec les participants sur les principales difficult\u00e9s rencontr\u00e9es dans l\u2019ex\u00e9cution du budget. Il rel\u00e8ve que l\u2019Anafor devra faire preuve de bonne gouvernance pour \u00e9viter le pi\u00e8ge du non-respect de l\u2019annualit\u00e9 budg\u00e9taire, du chevauchement entre les exercices budg\u00e9taires, de l\u2019instabilit\u00e9 des syst\u00e8mes de march\u00e9s publics et le non-respect de la discipline budg\u00e9taire qui peuvent plomber la mise en \u0153uvre d\u2019un exercice budg\u00e9taire.<\/p>\n<p><strong>Lire aussi : <a href=\"https:\/\/ecomatin.net\/lanafor-approuve-ses-etats-financiers-2018-a-225-milliards-de-fcfa\/\">L\u2019ANAFOR approuve ses \u00e9tats financiers 2018 \u00e0 2,25 milliards de FCFA<\/a><\/strong><\/p>\n<p>Outre ces recommandations, l\u2019Anafor devrait \u00e9galement int\u00e9grer les d\u00e9fis auxquels fait face le Cameroun afin de fournir de bons r\u00e9sultats pour le PNDPF. Il s\u2019agit des d\u00e9penses suppl\u00e9mentaires engendr\u00e9es notamment par la crise anglophone, la lutte contre la pand\u00e9mie \u00e0 Covid-19 et la secte islamiste Boko Haram.<\/p>\n<p><strong>Bilan de 2021<\/strong><\/p>\n<p>Au cours de l\u2019ann\u00e9e 2021, d\u2019importants points de satisfaction ont \u00e9t\u00e9 enregistr\u00e9s. La 43<sup>\u00e8me<\/sup>\u00a0session du Conseil d\u2019administration de l\u2019Anafor tenue en D\u00e9cembre 2021 avait not\u00e9 qu\u2019en mati\u00e8re d\u2019appui aux initiatives communales, communautaires et priv\u00e9es de plantations foresti\u00e8res, pr\u00e8s de 165\u00a0000 plants avaient \u00e9t\u00e9 produits et mis \u00e0 la disposition des promoteurs pour un taux de r\u00e9alisation de 78,54%. En ce qui concerne le d\u00e9veloppement des plantations et la valorisation des r\u00e9serves foresti\u00e8res, 54 hectares ont \u00e9t\u00e9 plant\u00e9s et entretenus, pour 172 millions de FCFA mobilis\u00e9s pour un taux d\u2019ex\u00e9cution de 27%. Pour ce qui est de la coop\u00e9ration et la recherche de financements des prestations r\u00e9alis\u00e9es aupr\u00e8s des deux collectivit\u00e9s territoriales d\u00e9centralis\u00e9es (ville de Bafoussam, Mairie de Yaound\u00e9 5) et d\u2019un priv\u00e9 (Olam Cameroun), deux projets ont \u00e9t\u00e9 matur\u00e9s et soumis aux bailleurs de fonds (Minfof \u00e0 travers le Bip et Nachtigal Hydro Power). En d\u00e9finitive, le taux d\u2019ex\u00e9cution du Projet de Performance Administrative 2021 a \u00e9t\u00e9 de l\u2019ordre de 66% sur une cible vis\u00e9e de 70%. Toutefois, ces points de satisfaction se sont accompagn\u00e9s par des faiblesses que l\u2019Anafor s\u2019est donn\u00e9 pour objectif de les corriger pour de meilleurs r\u00e9sultats d\u00e8s la fin de 2022.<\/p>\n<p>L\u2019article <a rel=\"nofollow\" href=\"https:\/\/ecomatin.net\/sylviculture-comment-lanafor-promeut-les-plantations-forestieres-en-2022\/\">Sylviculture : comment l\u2019Anafor promeut les plantations foresti\u00e8res en 2022<\/a> est apparu en premier sur <a rel=\"nofollow\" href=\"https:\/\/ecomatin.net\/\">EcoMatin<\/a>.<\/p>\n<\/div>\n<p>Auteur: Mairamou Abdou<br \/>\n<a href=\"https:\/\/ecomatin.net\/sylviculture-comment-lanafor-promeut-les-plantations-forestieres-en-2022\/\">Cliquez ici pour lire l&rsquo;article depuis sa source.<\/a><\/p>\n","protected":false},"excerpt":{"rendered":"<p>L\u2019Anafor a un nouveau cheval de bataille pour l\u2019exercice 2022. Il s\u2019agit du\u00a0Pndpf\u00a0 consid\u00e9r\u00e9 comme \u00ab\u00a0un outil de transformation structurelle de nos activit\u00e9s pour une \u00e9conomie foresti\u00e8re bas\u00e9e sur les for\u00eats plant\u00e9es\u00a0\u00bb. Le 30 d\u00e9cembre 2021, le Conseil d\u2019administration de l\u2019Anafor a plac\u00e9 ce programme sous sa tutelle technique. Pour mener \u00e0 bon port ce [&hellip;]<\/p>\n","protected":false},"author":1969,"featured_media":0,"comment_status":"closed","ping_status":"closed","sticky":false,"template":"","format":"standard","meta":{"fifu_image_url":"","fifu_image_alt":"","footnotes":""},"categories":[82,78],"tags":[],"class_list":["post-139046","post","type-post","status-publish","format-standard","hentry","category-cameroun","category-economie"],"_links":{"self":[{"href":"https:\/\/linitiative.ca\/International\/wp-json\/wp\/v2\/posts\/139046","targetHints":{"allow":["GET"]}}],"collection":[{"href":"https:\/\/linitiative.ca\/International\/wp-json\/wp\/v2\/posts"}],"about":[{"href":"https:\/\/linitiative.ca\/International\/wp-json\/wp\/v2\/types\/post"}],"author":[{"embeddable":true,"href":"https:\/\/linitiative.ca\/International\/wp-json\/wp\/v2\/users\/1969"}],"replies":[{"embeddable":true,"href":"https:\/\/linitiative.ca\/International\/wp-json\/wp\/v2\/comments?post=139046"}],"version-history":[{"count":0,"href":"https:\/\/linitiative.ca\/International\/wp-json\/wp\/v2\/posts\/139046\/revisions"}],"wp:attachment":[{"href":"https:\/\/linitiative.ca\/International\/wp-json\/wp\/v2\/media?parent=139046"}],"wp:term":[{"taxonomy":"category","embeddable":true,"href":"https:\/\/linitiative.ca\/International\/wp-json\/wp\/v2\/categories?post=139046"},{"taxonomy":"post_tag","embeddable":true,"href":"https:\/\/linitiative.ca\/International\/wp-json\/wp\/v2\/tags?post=139046"}],"curies":[{"name":"wp","href":"https:\/\/api.w.org\/{rel}","templated":true}]}}