{"id":139047,"date":"2022-01-21T08:00:24","date_gmt":"2022-01-21T13:00:24","guid":{"rendered":"https:\/\/linitiative.ca\/International\/tetouan-un-incubateur-pour-les-jeunes-porteurs-de-projets\/"},"modified":"2022-01-21T08:00:24","modified_gmt":"2022-01-21T13:00:24","slug":"tetouan-un-incubateur-pour-les-jeunes-porteurs-de-projets","status":"publish","type":"post","link":"https:\/\/linitiative.ca\/International\/tetouan-un-incubateur-pour-les-jeunes-porteurs-de-projets\/","title":{"rendered":"T\u00e9touan : Un incubateur pour les jeunes  porteurs de projets"},"content":{"rendered":"<div>\n<p><img loading=\"lazy\" decoding=\"async\" width=\"300\" height=\"153\" src=\"https:\/\/linitiative.ca\/International\/wp-content\/uploads\/sites\/23\/2022\/01\/TeCC81touan-300x153-1.jpg\" class=\"attachment-medium size-medium wp-post-image\" alt=\"\" srcset=\"https:\/\/linitiative.ca\/International\/wp-content\/uploads\/sites\/23\/2022\/01\/TeCC81touan-300x153-1.jpg 300w, https:\/\/aujourdhui.ma\/wp-content\/uploads\/2022\/01\/Te\u0301touan-274x140.jpg 274w, https:\/\/aujourdhui.ma\/wp-content\/uploads\/2022\/01\/Te\u0301touan.jpg 746w, https:\/\/aujourdhui.ma\/wp-content\/uploads\/2022\/01\/Te\u0301touan-165x84.jpg 165w, https:\/\/aujourdhui.ma\/wp-content\/uploads\/2022\/01\/Te\u0301touan-702x358.jpg 702w\" sizes=\"auto, (max-width: 300px) 100vw, 300px\"><\/p>\n<p><span style=\"font-size: 20px; color: #800000;\"><strong>Ce programme entrera bient\u00f4t dans la phase de s\u00e9lection des candidats<\/strong> <\/span><span id=\"more-397999\"><\/span><\/p>\n<p><span style=\"color: #ff0000;\">Ce nouveau programme d\u2019incubation est ouvert aux jeunes titulaires d\u2019un dipl\u00f4me universitaire ou celui de formation professionnelle ou ayant une exp\u00e9rience professionnelle leur permettant d\u2019\u00eatre aptes \u00e0 r\u00e9aliser et g\u00e9rer leur future entreprise.<\/span><\/p>\n<p>La Chambre de commerce, d\u2019industrie et de services de la r\u00e9gion de Tanger-T\u00e9touan-Al Hoceima (CCIS-TTA) veut, \u00e0 travers la mise en place du nouvel incubateur d\u2019entreprises de T\u00e9touan, renforcer son r\u00f4le dans le d\u00e9veloppement de l\u2019entrepreneuriat chez les jeunes dans le Nord. Tr\u00e8s attendue, cette nouvelle structure \u2013 qui s\u2019inscrit dans le cadre d\u2019une convention de partenariat entre la CCIS-TTA et la commune de T\u00e9touan \u2013 entrera bient\u00f4t dans la phase de s\u00e9lection de demandes de candidature pour pouvoir b\u00e9n\u00e9ficier de la formation, l\u2019accompagnement et le suivi pr\u00e9 et post cr\u00e9ation d\u2019entreprise des incub\u00e9s s\u00e9lectionn\u00e9s.<\/p>\n<p>Ainsi, la Chambre porte \u00e0 la connaissance des porteurs de projets de 20 \u00e0 45 ans d\u00e9sirant profiter de ce programme d\u2019incubation que cette nouvelle structure ouvre ses portes et la date limite de d\u00e9p\u00f4t de dossiers de candidature est fix\u00e9e au 31 janvier 2022. La s\u00e9lection des dossiers de candidature s\u2019effectue selon plusieurs crit\u00e8res dont la viabilit\u00e9 du projet, le profil des candidats et leur motivation \u00e0 vouloir faire de leur projet une r\u00e9ussite dans le domaine de cr\u00e9ation de revenu et d\u2019opportunit\u00e9s d\u2019emplois. \u00abLe projet doit \u00eatre nouveau et non une extension ou d\u00e9localisation d\u2019une activit\u00e9 existante\u00bb, selon un communiqu\u00e9 \u00e9mis par la CCIS-TTA.<\/p>\n<p>Dans les d\u00e9tails et comme l\u2019a soulign\u00e9 la Chambre dans ce m\u00eame communiqu\u00e9, ce nouveau programme d\u2019incubation est ouvert aux jeunes titulaires d\u2019un dipl\u00f4me universitaire ou celui de formation professionnelle ou ayant une exp\u00e9rience professionnelle leur permettant d\u2019\u00eatre aptes \u00e0 r\u00e9aliser et g\u00e9rer leur future entreprise. Le projet doit \u00eatre r\u00e9alis\u00e9 (dans le domaine de services ou une activit\u00e9 li\u00e9e \u00e0 l\u2019industrie) sur le territoire de la commune de T\u00e9touan et \u00eatre cr\u00e9ateur de nouveaux emplois. \u00abSi le projet est s\u00e9lectionn\u00e9, le candidat porteur de projet est tenu de respecter les clauses du cahier des charges et le statut interne de l\u2019incubateur\u00bb, tient \u00e0 pr\u00e9ciser la m\u00eame source. Par ailleurs, le nouvel incubateur d\u2019entreprises de T\u00e9touan est mis en place dans le cadre des efforts d\u00e9ploy\u00e9s par la CCIS-TTA et le Conseil communal de T\u00e9touan pour promouvoir l\u2019entrepreneuriat, particuli\u00e8rement chez les jeunes dipl\u00f4m\u00e9s et d\u00e9sirant cr\u00e9er leur propre entreprise sur le territoire de la commune. Son objectif est de faire des jeunes b\u00e9n\u00e9ficiaires de ce programme d\u2019incubation des acteurs \u00e9conomiques actifs et \u00e0 m\u00eame de contribuer au d\u00e9veloppement de la ville.<\/p>\n<p>Il s\u2019agit, pour la r\u00e9ussite de cette nouvelle exp\u00e9rience dans le domaine d\u2019incubation \u00abd\u2019unifier tous les acteurs et partenaires sur une vision int\u00e9gr\u00e9e facilitant l\u2019insertion des jeunes porteurs de projets dans le monde des affaires\u00bb, souligne-t-on.<\/p>\n<p>Situ\u00e9 dans la zone industrielle de T\u00e9touan, le nouvel incubateur d\u2019entreprises de T\u00e9touan offre un package de services avec des bureaux \u00e9quip\u00e9s et des salles de formation et de coaching. Les incub\u00e9s s\u00e9lectionn\u00e9s b\u00e9n\u00e9ficieront d\u2019un encadrement technique en mati\u00e8re d\u2019\u00e9laboration du business plan, de la gestion de projets, du d\u00e9veloppement personnel, le networking et la recherche des opportunit\u00e9s d\u2019affaires, \u2026<\/p>\n<\/div>\n<p>Auteur: Najat Fa\u00efssal<br \/>\n<a href=\"https:\/\/aujourdhui.ma\/economie\/tetouan-un-incubateur-pour-les-jeunes-porteurs-de-projets\">Cliquez ici pour lire l&rsquo;article depuis sa source.<\/a><\/p>\n","protected":false},"excerpt":{"rendered":"<p>Ce programme entrera bient\u00f4t dans la phase de s\u00e9lection des candidats Ce nouveau programme d\u2019incubation est ouvert aux jeunes titulaires d\u2019un dipl\u00f4me universitaire ou celui de formation professionnelle ou ayant une exp\u00e9rience professionnelle leur permettant d\u2019\u00eatre aptes \u00e0 r\u00e9aliser et g\u00e9rer leur future entreprise. La Chambre de commerce, d\u2019industrie et de services de la r\u00e9gion [&hellip;]<\/p>\n","protected":false},"author":1759,"featured_media":0,"comment_status":"closed","ping_status":"closed","sticky":false,"template":"","format":"standard","meta":{"fifu_image_url":"https:\/\/aujourdhui.ma\/wp-content\/uploads\/2022\/01\/Te\u0301touan-300x153.jpg","fifu_image_alt":"T\u00e9touan : Un incubateur pour les jeunes  porteurs de projets","footnotes":""},"categories":[73,54],"tags":[],"class_list":["post-139047","post","type-post","status-publish","format-standard","hentry","category-actualite","category-maroc"],"_links":{"self":[{"href":"https:\/\/linitiative.ca\/International\/wp-json\/wp\/v2\/posts\/139047","targetHints":{"allow":["GET"]}}],"collection":[{"href":"https:\/\/linitiative.ca\/International\/wp-json\/wp\/v2\/posts"}],"about":[{"href":"https:\/\/linitiative.ca\/International\/wp-json\/wp\/v2\/types\/post"}],"author":[{"embeddable":true,"href":"https:\/\/linitiative.ca\/International\/wp-json\/wp\/v2\/users\/1759"}],"replies":[{"embeddable":true,"href":"https:\/\/linitiative.ca\/International\/wp-json\/wp\/v2\/comments?post=139047"}],"version-history":[{"count":0,"href":"https:\/\/linitiative.ca\/International\/wp-json\/wp\/v2\/posts\/139047\/revisions"}],"wp:attachment":[{"href":"https:\/\/linitiative.ca\/International\/wp-json\/wp\/v2\/media?parent=139047"}],"wp:term":[{"taxonomy":"category","embeddable":true,"href":"https:\/\/linitiative.ca\/International\/wp-json\/wp\/v2\/categories?post=139047"},{"taxonomy":"post_tag","embeddable":true,"href":"https:\/\/linitiative.ca\/International\/wp-json\/wp\/v2\/tags?post=139047"}],"curies":[{"name":"wp","href":"https:\/\/api.w.org\/{rel}","templated":true}]}}