{"id":139060,"date":"2022-01-21T11:30:40","date_gmt":"2022-01-21T16:30:40","guid":{"rendered":"https:\/\/linitiative.ca\/International\/apres-khelli-l9oual-y9oul-avec-rita-niba-haitem-lahlali-lance-ana-w-hbibi\/"},"modified":"2022-01-21T11:30:40","modified_gmt":"2022-01-21T16:30:40","slug":"apres-khelli-l9oual-y9oul-avec-rita-niba-haitem-lahlali-lance-ana-w-hbibi","status":"publish","type":"post","link":"https:\/\/linitiative.ca\/International\/apres-khelli-l9oual-y9oul-avec-rita-niba-haitem-lahlali-lance-ana-w-hbibi\/","title":{"rendered":"Apr\u00e8s \u00abKhelli L9oual Y9oul\u00bb avec Rita Niba : Haitem Lahlali lance \u00abAna W Hbibi\u00bb"},"content":{"rendered":"<div>\n<p><img loading=\"lazy\" decoding=\"async\" width=\"300\" height=\"153\" src=\"https:\/\/linitiative.ca\/International\/wp-content\/uploads\/sites\/23\/2022\/01\/D8A7D984D987D984D8A7D984D98A-3-300x153-1.jpg\" class=\"attachment-medium size-medium wp-post-image\" alt=\"\" srcset=\"https:\/\/linitiative.ca\/International\/wp-content\/uploads\/sites\/23\/2022\/01\/D8A7D984D987D984D8A7D984D98A-3-300x153-1.jpg 300w, https:\/\/aujourdhui.ma\/wp-content\/uploads\/2022\/01\/\u0647\u064a\u062b\u0645-\u0627\u0644\u0647\u0644\u0627\u0644\u064a-3-274x140.jpg 274w, https:\/\/aujourdhui.ma\/wp-content\/uploads\/2022\/01\/\u0647\u064a\u062b\u0645-\u0627\u0644\u0647\u0644\u0627\u0644\u064a-3.jpg 746w, https:\/\/aujourdhui.ma\/wp-content\/uploads\/2022\/01\/\u0647\u064a\u062b\u0645-\u0627\u0644\u0647\u0644\u0627\u0644\u064a-3-165x84.jpg 165w, https:\/\/aujourdhui.ma\/wp-content\/uploads\/2022\/01\/\u0647\u064a\u062b\u0645-\u0627\u0644\u0647\u0644\u0627\u0644\u064a-3-702x358.jpg 702w\" sizes=\"auto, (max-width: 300px) 100vw, 300px\"><\/p>\n<p><strong><span style=\"color: #800000;\">Le jeune chanteur marocain Haitem Lahlali vient de lancer le nouveau vid\u00e9oclip de son single \u00abAna W Hbibi\u00bb (Nous deux).<\/span><\/strong><span id=\"more-397939\"><\/span><\/p>\n<p>Un tube dont les paroles sont con\u00e7ues par Salah Eddine Moujahid pour un arrangement d\u2019Amine El Houari. Quant au clip, il est r\u00e9alis\u00e9 par Chihab Errachdi Janah. En d\u00e9tail, ce morceau est le troisi\u00e8me du premier album de l\u2019artiste qui pr\u00e9cise que la sortie de celuici est \u00abpr\u00e9vue ult\u00e9rieurement \u00bb. Le premier single, appel\u00e9 \u00abKhelli L9oual Y9oul\u00bb (Laisse-les parler comme ils veulent), \u00e9tant con\u00e7u en rythmes populaires du Lahlali patrimoine marocain. Un titre qu\u2019il a interpr\u00e9t\u00e9 en featuring avec Rita Niba sur fond des paroles de ce patrimoine pour un arrangement d\u2019Oussama El Kheddari.<\/p>\n<p>Dans le clip r\u00e9alis\u00e9 par Chihab Errachdi pour ce single qui a r\u00e9colt\u00e9 plus de 100.000 vues, les deux chanteurs se produisent dans un espace marocain traditionnel. Cependant, le deuxi\u00e8me titre de cet opus est en paroles khalijies. Appel\u00e9 \u00abZain\u00bb, ce tube, compos\u00e9 par le chanteur, est \u00e9crit par le po\u00e8te Ali Ben Cheikh pour un arrangement d\u2019Oussama El Khaddari. Avant de mener sa carri\u00e8re d\u2019artiste au d\u00e9part de Marrakech, Haitem Lahlali se produisait devant ses amis. Au fil du temps, il a choisi de se professionnaliser au Qatar o\u00f9 il a anim\u00e9 des c\u00e9r\u00e9monies et concerts priv\u00e9s en 2020. Il en a profit\u00e9 pour cr\u00e9er des rapports \u00e9troits avec des stars de l\u2019art au Golfe, notamment Ahlam et Youssef El Omani. A propos de ce dernier artiste, le chanteur marocain indique sur sa page officielle Instagram : \u00abMon ami le magnifique! J\u2019apprends toujours de lui. C\u2019est pour moi une \u00e9cole d\u2019art moderne\u00bb.<\/p>\n<p>Quant \u00e0 Ahlam, il la qualifie de son \u00abmythe\u00bb. Et ce n\u2019est pas tout ! Il est pr\u00e9vu que l\u2019artiste marocain lance \u00able quatri\u00e8me titre\u00bb de son album \u00abau cours du mois prochain en attendant de concr\u00e9tiser ses projets artistiques au Maroc et au Qatar. Pour l\u2019heure, le chanteur, qui ne manque pas \u00e9galement d\u2019interpr\u00e9ter des oeuvres d\u2019autres artistes, n\u2019h\u00e9site pas \u00e0 s\u2019afficher avec des chanteurs marocains et le temps de manifestations organis\u00e9es dans ce pays du Golfe ainsi qu\u2019avec des artistes de cette contr\u00e9e du monde. Une mani\u00e8re pour Haitem, qui a le charme d\u2019un khaliji une fois habill\u00e9 en tenue traditionnelle, de se faire une renomm\u00e9e \u00e0 l\u2019\u00e9tranger.<\/p>\n<p>Entre autres, il s\u2019affiche avec les h\u00e9ros de la s\u00e9rie \u00abEl Jar\u00bb (Le voisin) tel qu\u2019il le pr\u00e9cise sur son mur sur Instagram sur lequel il partage \u00e9galement les pr\u00e9paratifs de ses vid\u00e9oclips.<\/p>\n<\/div>\n<p>Auteur: Salima Guisser<br \/>\n<a href=\"https:\/\/aujourdhui.ma\/culture\/apres-khelli-l9oual-y9oul-avec-rita-niba-haitem-lahlali-lance-ana-w-hbibi\">Cliquez ici pour lire l&rsquo;article depuis sa source.<\/a><\/p>\n","protected":false},"excerpt":{"rendered":"<p>Le jeune chanteur marocain Haitem Lahlali vient de lancer le nouveau vid\u00e9oclip de son single \u00abAna W Hbibi\u00bb (Nous deux). Un tube dont les paroles sont con\u00e7ues par Salah Eddine Moujahid pour un arrangement d\u2019Amine El Houari. Quant au clip, il est r\u00e9alis\u00e9 par Chihab Errachdi Janah. En d\u00e9tail, ce morceau est le troisi\u00e8me du [&hellip;]<\/p>\n","protected":false},"author":1759,"featured_media":0,"comment_status":"closed","ping_status":"closed","sticky":false,"template":"","format":"standard","meta":{"fifu_image_url":"https:\/\/aujourdhui.ma\/wp-content\/uploads\/2022\/01\/\u0647\u064a\u062b\u0645-\u0627\u0644\u0647\u0644\u0627\u0644\u064a-3-300x153.jpg","fifu_image_alt":"Apr\u00e8s \u00abKhelli L9oual Y9oul\u00bb avec Rita Niba : Haitem Lahlali lance \u00abAna W Hbibi\u00bb","footnotes":""},"categories":[73,54],"tags":[],"class_list":["post-139060","post","type-post","status-publish","format-standard","hentry","category-actualite","category-maroc"],"_links":{"self":[{"href":"https:\/\/linitiative.ca\/International\/wp-json\/wp\/v2\/posts\/139060","targetHints":{"allow":["GET"]}}],"collection":[{"href":"https:\/\/linitiative.ca\/International\/wp-json\/wp\/v2\/posts"}],"about":[{"href":"https:\/\/linitiative.ca\/International\/wp-json\/wp\/v2\/types\/post"}],"author":[{"embeddable":true,"href":"https:\/\/linitiative.ca\/International\/wp-json\/wp\/v2\/users\/1759"}],"replies":[{"embeddable":true,"href":"https:\/\/linitiative.ca\/International\/wp-json\/wp\/v2\/comments?post=139060"}],"version-history":[{"count":0,"href":"https:\/\/linitiative.ca\/International\/wp-json\/wp\/v2\/posts\/139060\/revisions"}],"wp:attachment":[{"href":"https:\/\/linitiative.ca\/International\/wp-json\/wp\/v2\/media?parent=139060"}],"wp:term":[{"taxonomy":"category","embeddable":true,"href":"https:\/\/linitiative.ca\/International\/wp-json\/wp\/v2\/categories?post=139060"},{"taxonomy":"post_tag","embeddable":true,"href":"https:\/\/linitiative.ca\/International\/wp-json\/wp\/v2\/tags?post=139060"}],"curies":[{"name":"wp","href":"https:\/\/api.w.org\/{rel}","templated":true}]}}