{"id":139062,"date":"2022-01-20T13:00:00","date_gmt":"2022-01-20T18:00:00","guid":{"rendered":"https:\/\/linitiative.ca\/International\/un-professionnel-de-reference-aux-valeurs-humaines\/"},"modified":"2022-01-20T13:00:00","modified_gmt":"2022-01-20T18:00:00","slug":"un-professionnel-de-reference-aux-valeurs-humaines","status":"publish","type":"post","link":"https:\/\/linitiative.ca\/International\/un-professionnel-de-reference-aux-valeurs-humaines\/","title":{"rendered":"Un professionnel de r\u00e9f\u00e9rence aux valeurs humaines"},"content":{"rendered":"<div>\n<p class=\"has-text-align-center has-vivid-red-color has-text-color\"><strong>Noureddine El Oufir tire sa r\u00e9v\u00e9rence<\/strong><\/p>\n<p class=\"has-black-color has-text-color\"><strong>C\u2019est avec une grande \u00e9motion et une immense tristesse, que nous avons appris la terrible nouvelle. Notre ami et camarade Noureddine EL Oufir s\u2019est \u00e9teint, lundi 17 d\u00e9cembre au soir, \u00e0 la suite d\u2019une cruelle maladie qui l\u2019a brusquement emport\u00e9 en quelques jours \u00e0 l\u2019\u00e2ge de 75 ans.<\/strong><\/p>\n<p class=\"has-black-color has-text-color\"><strong>Le d\u00e9funt a effectu\u00e9 ses \u00e9tudes sup\u00e9rieures \u00e0 Grenoble en France, o\u00f9 il a milit\u00e9 dans les rangs du Parti de la Lib\u00e9ration et du Socialisme, de l\u2019Union nationale des \u00e9tudiants du Maroc (UNEM) et de l\u2019AEMNAF \u2013 Association des \u00e9tudiants musulmans Nord Africains de France, seule association reconnue dans l\u2019Hexagone, qui regroupait les \u00e9tudiants marocains, alg\u00e9riens et tunisiens.<\/strong><\/p>\n<p class=\"has-black-color has-text-color\"><strong>De retour au Maroc, en 1977, \u00e0 l\u2019issue d\u2019\u00e9tudes d\u2019expertise comptable et des stages y aff\u00e9rents, El Oufir a rejoint, durant cette m\u00eame ann\u00e9e, l\u2019Office Ch\u00e9rifien des Phosphates (OCP) au sein duquel il a occup\u00e9, successivement, les fonctions de chef de la Division Comptable, Directeur de Mission puis Directeur G\u00e9n\u00e9ral de Fertima, avant de rejoindre l\u2019Omnium Nord-Africain (ONA) en qualit\u00e9 de Directeur Financier du Groupe qu\u2019il a quitt\u00e9 au d\u00e9but des ann\u00e9es 2000.<\/strong><\/p>\n<p class=\"has-black-color has-text-color\"><strong>Il est l\u2019un des fondateurs du cabinet conseil, le Centre d\u2019Etudes, de Gestion et d\u2019Organisation (CEGOR), dont il \u00e9tait cog\u00e9rant associ\u00e9 et un des dirigeants depuis son d\u00e9part du Groupe ONA. Il a, \u00e0 ce titre, conduit notamment d\u2019importantes missions d\u2019audit op\u00e9rationnel et de conseil pour le compte de nombreuses entreprises publiques et priv\u00e9es de premier plan. Par sa comp\u00e9tence, son professionnalisme et les valeurs humaines qu\u2019il incarnait, le d\u00e9funt \u00e9tait consid\u00e9r\u00e9 comme une r\u00e9f\u00e9rence dans le secteur du conseil.<\/strong><\/p>\n<p class=\"has-black-color has-text-color\"><strong>Au journal, nous gardons le souvenir de ce professionnel, qui intervenait en qualit\u00e9 de conseiller comptable et juridique pour le compte de la soci\u00e9t\u00e9 BAYANE SA, soci\u00e9t\u00e9 \u00e9ditrice des quotidiens Bayane Al Youm et Al Bayane.<\/strong><\/p>\n<p class=\"has-black-color has-text-color\"><strong>Qu\u2019il trouve, ici, toute notre gratitude pour son \u00e9ternelle fid\u00e9lit\u00e9 et son plein d\u00e9vouement professionnel.<\/strong><\/p>\n<p class=\"has-black-color has-text-color\"><strong>Et, face \u00e0 cette perte douloureuse, nous pr\u00e9sentons nos sinc\u00e8res condol\u00e9ances et notre compassion \u00e0 sa veuve Madame Oumnia Belghazi, \u00e0 ses enfants Ghizlane, Amine et Mehdi, ainsi qu\u2019\u00e0\u00a0tous ses proches, amis, coll\u00e8gues et connaissances, implorant le Tout-puissant de leur accorder patience et r\u00e9confort et \u00e0 notre regrett\u00e9 Sa sainte mis\u00e9ricorde.<\/strong><\/p>\n<p class=\"has-black-color has-text-color\"><strong>\u00ab\u00a0La vie doit continuer\u00a0\u00bb, comme il le r\u00e9p\u00e9tait souvent. Qu\u2019il repose en paix\u00a0!<\/strong><\/p>\n<p class=\"has-black-color has-text-color\"><strong>\u00ab\u00a0Nous sommes \u00e0 Dieu et \u00e0 lui nous retournons\u00a0\u00bb<\/strong><\/p>\n<p>L\u2019article <a rel=\"nofollow\" href=\"http:\/\/albayane.press.ma\/un-professionnel-de-reference-aux-valeurs-humaines.html\">Un professionnel de r\u00e9f\u00e9rence aux valeurs humaines<\/a> est apparu en premier sur <a rel=\"nofollow\" href=\"http:\/\/albayane.press.ma\/\">ALBAYANE<\/a>.<\/p>\n<\/div>\n<p>Auteur: M&rsquo;hammed rahal<br \/>\n<a href=\"http:\/\/albayane.press.ma\/un-professionnel-de-reference-aux-valeurs-humaines.html\">Cliquez ici pour lire l&rsquo;article depuis sa source.<\/a><\/p>\n","protected":false},"excerpt":{"rendered":"<p>Noureddine El Oufir tire sa r\u00e9v\u00e9rence C\u2019est avec une grande \u00e9motion et une immense tristesse, que nous avons appris la terrible nouvelle. Notre ami et camarade Noureddine EL Oufir s\u2019est \u00e9teint, lundi 17 d\u00e9cembre au soir, \u00e0 la suite d\u2019une cruelle maladie qui l\u2019a brusquement emport\u00e9 en quelques jours \u00e0 l\u2019\u00e2ge de 75 ans. Le [&hellip;]<\/p>\n","protected":false},"author":1760,"featured_media":0,"comment_status":"closed","ping_status":"closed","sticky":false,"template":"","format":"standard","meta":{"fifu_image_url":"","fifu_image_alt":"","footnotes":""},"categories":[73,54],"tags":[],"class_list":["post-139062","post","type-post","status-publish","format-standard","hentry","category-actualite","category-maroc"],"_links":{"self":[{"href":"https:\/\/linitiative.ca\/International\/wp-json\/wp\/v2\/posts\/139062","targetHints":{"allow":["GET"]}}],"collection":[{"href":"https:\/\/linitiative.ca\/International\/wp-json\/wp\/v2\/posts"}],"about":[{"href":"https:\/\/linitiative.ca\/International\/wp-json\/wp\/v2\/types\/post"}],"author":[{"embeddable":true,"href":"https:\/\/linitiative.ca\/International\/wp-json\/wp\/v2\/users\/1760"}],"replies":[{"embeddable":true,"href":"https:\/\/linitiative.ca\/International\/wp-json\/wp\/v2\/comments?post=139062"}],"version-history":[{"count":0,"href":"https:\/\/linitiative.ca\/International\/wp-json\/wp\/v2\/posts\/139062\/revisions"}],"wp:attachment":[{"href":"https:\/\/linitiative.ca\/International\/wp-json\/wp\/v2\/media?parent=139062"}],"wp:term":[{"taxonomy":"category","embeddable":true,"href":"https:\/\/linitiative.ca\/International\/wp-json\/wp\/v2\/categories?post=139062"},{"taxonomy":"post_tag","embeddable":true,"href":"https:\/\/linitiative.ca\/International\/wp-json\/wp\/v2\/tags?post=139062"}],"curies":[{"name":"wp","href":"https:\/\/api.w.org\/{rel}","templated":true}]}}