{"id":139063,"date":"2022-01-20T13:00:00","date_gmt":"2022-01-20T18:00:00","guid":{"rendered":"https:\/\/linitiative.ca\/International\/reunion-sur-la-situation-du-secteur-touristique\/"},"modified":"2022-01-20T13:00:00","modified_gmt":"2022-01-20T18:00:00","slug":"reunion-sur-la-situation-du-secteur-touristique","status":"publish","type":"post","link":"https:\/\/linitiative.ca\/International\/reunion-sur-la-situation-du-secteur-touristique\/","title":{"rendered":"R\u00e9union sur la situation du secteur touristique"},"content":{"rendered":"<div>\n<p class=\"has-text-align-center has-vivid-red-color has-text-color\"><strong>Agadir<\/strong><\/p>\n<p class=\"has-black-color has-text-color\"><strong>Le Conseil communal d\u2019Agadir a tenu, mardi, une r\u00e9union avec les professionnels du tourisme pour faire le point sur la situation du secteur et l\u2019\u00e9tat d\u2019avancement des chantiers lanc\u00e9s pour renforcer le positionnement et l\u2019attractivit\u00e9 de la ville.<\/strong><\/p>\n<p class=\"has-black-color has-text-color\">Cette rencontre tenue en pr\u00e9sence notamment du premier vice-pr\u00e9sident du Conseil, Mustapha Bouderka et des repr\u00e9sentants de la \u00ab\u00a0Soci\u00e9t\u00e9 Agadir Souss \u2013 Massa Am\u00e9nagement\u00a0\u00bb, a \u00e9t\u00e9 marqu\u00e9e par la pr\u00e9sentation d\u2019un expos\u00e9 sur les projets d\u2019am\u00e9nagement que conna\u00eet la zone touristique, dans le cadre du programme de d\u00e9veloppement urbain d\u2019Agadir (2020-2024).<\/p>\n<p class=\"has-black-color has-text-color\">La r\u00e9union a \u00e9t\u00e9 une occasion aussi, pour d\u00e9battre de plusieurs propositions et interrogations formul\u00e9es par les acteurs touristiques de la ville.<br \/>La fin de certains chantiers touristiques est pr\u00e9vue avant les prochaines vacances d\u2019\u00e9t\u00e9, selon les donn\u00e9es pr\u00e9sent\u00e9es lors de cette rencontre qui s\u2019inscrit dans le cadre de l\u2019approche participative adopt\u00e9e par le Conseil communal d\u2019Agadir avec les diff\u00e9rents acteurs \u00e9conomiques de la ville.<\/p>\n<p>L\u2019article <a rel=\"nofollow\" href=\"http:\/\/albayane.press.ma\/reunion-sur-la-situation-du-secteur-touristique.html\">R\u00e9union sur la situation du secteur touristique<\/a> est apparu en premier sur <a rel=\"nofollow\" href=\"http:\/\/albayane.press.ma\/\">ALBAYANE<\/a>.<\/p>\n<\/div>\n<p>Auteur: M&rsquo;hammed rahal<br \/>\n<a href=\"http:\/\/albayane.press.ma\/reunion-sur-la-situation-du-secteur-touristique.html\">Cliquez ici pour lire l&rsquo;article depuis sa source.<\/a><\/p>\n","protected":false},"excerpt":{"rendered":"<p>Agadir Le Conseil communal d\u2019Agadir a tenu, mardi, une r\u00e9union avec les professionnels du tourisme pour faire le point sur la situation du secteur et l\u2019\u00e9tat d\u2019avancement des chantiers lanc\u00e9s pour renforcer le positionnement et l\u2019attractivit\u00e9 de la ville. Cette rencontre tenue en pr\u00e9sence notamment du premier vice-pr\u00e9sident du Conseil, Mustapha Bouderka et des repr\u00e9sentants [&hellip;]<\/p>\n","protected":false},"author":1760,"featured_media":0,"comment_status":"closed","ping_status":"closed","sticky":false,"template":"","format":"standard","meta":{"fifu_image_url":"","fifu_image_alt":"","footnotes":""},"categories":[73,54],"tags":[],"class_list":["post-139063","post","type-post","status-publish","format-standard","hentry","category-actualite","category-maroc"],"_links":{"self":[{"href":"https:\/\/linitiative.ca\/International\/wp-json\/wp\/v2\/posts\/139063","targetHints":{"allow":["GET"]}}],"collection":[{"href":"https:\/\/linitiative.ca\/International\/wp-json\/wp\/v2\/posts"}],"about":[{"href":"https:\/\/linitiative.ca\/International\/wp-json\/wp\/v2\/types\/post"}],"author":[{"embeddable":true,"href":"https:\/\/linitiative.ca\/International\/wp-json\/wp\/v2\/users\/1760"}],"replies":[{"embeddable":true,"href":"https:\/\/linitiative.ca\/International\/wp-json\/wp\/v2\/comments?post=139063"}],"version-history":[{"count":0,"href":"https:\/\/linitiative.ca\/International\/wp-json\/wp\/v2\/posts\/139063\/revisions"}],"wp:attachment":[{"href":"https:\/\/linitiative.ca\/International\/wp-json\/wp\/v2\/media?parent=139063"}],"wp:term":[{"taxonomy":"category","embeddable":true,"href":"https:\/\/linitiative.ca\/International\/wp-json\/wp\/v2\/categories?post=139063"},{"taxonomy":"post_tag","embeddable":true,"href":"https:\/\/linitiative.ca\/International\/wp-json\/wp\/v2\/tags?post=139063"}],"curies":[{"name":"wp","href":"https:\/\/api.w.org\/{rel}","templated":true}]}}