{"id":139068,"date":"2022-01-20T11:44:00","date_gmt":"2022-01-20T16:44:00","guid":{"rendered":"https:\/\/linitiative.ca\/International\/can-2021-lalgerie-sort-par-la-petite-porte\/"},"modified":"2022-01-20T11:44:00","modified_gmt":"2022-01-20T16:44:00","slug":"can-2021-lalgerie-sort-par-la-petite-porte","status":"publish","type":"post","link":"https:\/\/linitiative.ca\/International\/can-2021-lalgerie-sort-par-la-petite-porte\/","title":{"rendered":"CAN 2021: l&rsquo;Alg\u00e9rie sort par la petite porte"},"content":{"rendered":"<div>La cinglante d\u00e9faite subie ce jeudi soir devant la C\u00f4te d&rsquo;Ivoire est venue confirmer la pi\u00e8tre prestation de la s\u00e9lection nationale depuis le d\u00e9but de la comp\u00e9tition<\/div>\n<p>Auteur:<br \/>\n<a href=\"https:\/\/www.liberte-algerie.com\/sports\/can-2021-lalgerie-sort-par-la-petite-porte-371965\">Cliquez ici pour lire l&rsquo;article depuis sa source.<\/a><\/p>\n","protected":false},"excerpt":{"rendered":"<p>La cinglante d\u00e9faite subie ce jeudi soir devant la C\u00f4te d&rsquo;Ivoire est venue confirmer la pi\u00e8tre prestation de la s\u00e9lection nationale depuis le d\u00e9but de la comp\u00e9tition Auteur: Cliquez ici pour lire l&rsquo;article depuis sa source.<\/p>\n","protected":false},"author":1742,"featured_media":0,"comment_status":"closed","ping_status":"closed","sticky":false,"template":"","format":"standard","meta":{"fifu_image_url":"","fifu_image_alt":"","footnotes":""},"categories":[73,53],"tags":[],"class_list":["post-139068","post","type-post","status-publish","format-standard","hentry","category-actualite","category-algerie"],"_links":{"self":[{"href":"https:\/\/linitiative.ca\/International\/wp-json\/wp\/v2\/posts\/139068","targetHints":{"allow":["GET"]}}],"collection":[{"href":"https:\/\/linitiative.ca\/International\/wp-json\/wp\/v2\/posts"}],"about":[{"href":"https:\/\/linitiative.ca\/International\/wp-json\/wp\/v2\/types\/post"}],"author":[{"embeddable":true,"href":"https:\/\/linitiative.ca\/International\/wp-json\/wp\/v2\/users\/1742"}],"replies":[{"embeddable":true,"href":"https:\/\/linitiative.ca\/International\/wp-json\/wp\/v2\/comments?post=139068"}],"version-history":[{"count":0,"href":"https:\/\/linitiative.ca\/International\/wp-json\/wp\/v2\/posts\/139068\/revisions"}],"wp:attachment":[{"href":"https:\/\/linitiative.ca\/International\/wp-json\/wp\/v2\/media?parent=139068"}],"wp:term":[{"taxonomy":"category","embeddable":true,"href":"https:\/\/linitiative.ca\/International\/wp-json\/wp\/v2\/categories?post=139068"},{"taxonomy":"post_tag","embeddable":true,"href":"https:\/\/linitiative.ca\/International\/wp-json\/wp\/v2\/tags?post=139068"}],"curies":[{"name":"wp","href":"https:\/\/api.w.org\/{rel}","templated":true}]}}