{"id":139069,"date":"2022-01-20T13:49:00","date_gmt":"2022-01-20T18:49:00","guid":{"rendered":"https:\/\/linitiative.ca\/International\/suspension-des-cours-dans-les-structures-denseignement-coranique-pour-10-jours\/"},"modified":"2022-01-20T13:49:00","modified_gmt":"2022-01-20T18:49:00","slug":"suspension-des-cours-dans-les-structures-denseignement-coranique-pour-10-jours","status":"publish","type":"post","link":"https:\/\/linitiative.ca\/International\/suspension-des-cours-dans-les-structures-denseignement-coranique-pour-10-jours\/","title":{"rendered":"Suspension des cours dans les structures d&rsquo;enseignement coranique pour 10 jours"},"content":{"rendered":"<div>Le minist\u00e8re des Affaires religieuses et des Wakfs a d\u00e9cid\u00e9 de suspendre les cours \u00e0 travers toutes les structures d&rsquo;enseignement coranique pour une dur\u00e9e de 10 jours, \u00e0 partir de jeudi<\/div>\n<p>Auteur:<br \/>\n<a href=\"https:\/\/www.liberte-algerie.com\/actualite\/suspension-des-cours-dans-les-structures-denseignement-coranique-pour-10-jours-371967\">Cliquez ici pour lire l&rsquo;article depuis sa source.<\/a><\/p>\n","protected":false},"excerpt":{"rendered":"<p>Le minist\u00e8re des Affaires religieuses et des Wakfs a d\u00e9cid\u00e9 de suspendre les cours \u00e0 travers toutes les structures d&rsquo;enseignement coranique pour une dur\u00e9e de 10 jours, \u00e0 partir de jeudi Auteur: Cliquez ici pour lire l&rsquo;article depuis sa source.<\/p>\n","protected":false},"author":1742,"featured_media":0,"comment_status":"closed","ping_status":"closed","sticky":false,"template":"","format":"standard","meta":{"fifu_image_url":"","fifu_image_alt":"","footnotes":""},"categories":[73,53],"tags":[],"class_list":["post-139069","post","type-post","status-publish","format-standard","hentry","category-actualite","category-algerie"],"_links":{"self":[{"href":"https:\/\/linitiative.ca\/International\/wp-json\/wp\/v2\/posts\/139069","targetHints":{"allow":["GET"]}}],"collection":[{"href":"https:\/\/linitiative.ca\/International\/wp-json\/wp\/v2\/posts"}],"about":[{"href":"https:\/\/linitiative.ca\/International\/wp-json\/wp\/v2\/types\/post"}],"author":[{"embeddable":true,"href":"https:\/\/linitiative.ca\/International\/wp-json\/wp\/v2\/users\/1742"}],"replies":[{"embeddable":true,"href":"https:\/\/linitiative.ca\/International\/wp-json\/wp\/v2\/comments?post=139069"}],"version-history":[{"count":0,"href":"https:\/\/linitiative.ca\/International\/wp-json\/wp\/v2\/posts\/139069\/revisions"}],"wp:attachment":[{"href":"https:\/\/linitiative.ca\/International\/wp-json\/wp\/v2\/media?parent=139069"}],"wp:term":[{"taxonomy":"category","embeddable":true,"href":"https:\/\/linitiative.ca\/International\/wp-json\/wp\/v2\/categories?post=139069"},{"taxonomy":"post_tag","embeddable":true,"href":"https:\/\/linitiative.ca\/International\/wp-json\/wp\/v2\/tags?post=139069"}],"curies":[{"name":"wp","href":"https:\/\/api.w.org\/{rel}","templated":true}]}}