{"id":139082,"date":"2022-01-21T04:09:00","date_gmt":"2022-01-21T09:09:00","guid":{"rendered":"https:\/\/linitiative.ca\/International\/sculpture-sur-un-mineral-ancestral-le-lapis-specularis\/"},"modified":"2022-01-21T04:09:00","modified_gmt":"2022-01-21T09:09:00","slug":"sculpture-sur-un-mineral-ancestral-le-lapis-specularis","status":"publish","type":"post","link":"https:\/\/linitiative.ca\/International\/sculpture-sur-un-mineral-ancestral-le-lapis-specularis\/","title":{"rendered":"Sculpture sur un min\u00e9ral ancestral, le lapis specularis"},"content":{"rendered":"<div><img decoding=\"async\" src=\"https:\/\/linitiative.ca\/International\/wp-content\/uploads\/sites\/23\/2022\/01\/1642754798_article.jpg\" alt=\"Sculpture sur un min\u00e9ral ancestral, le lapis specularis\" align=\"left\">Le mus\u00e9e du Bardo \u00e9tant ferm\u00e9, les amateurs d\u2019\u0153uvres exceptionnelles peuvent aller au magnifique mus\u00e9e arch\u00e9ologique de Sousse d\u00e9couvrir une merveilleuse exposition. Un artiste espagnol, Miguel \u00c1ngel, po\u00e8te-sculpteur sur un mat\u00e9riau ancestral, le lapis specularis, qui remonte des grottes de la g\u00e9ologie des temps romains, d\u00e9ploie tout son art.<br \/>\nCe min\u00e9ral, constitu\u00e9 de gypse cristallis\u00e9 tr\u00e8s transparent qui peut \u00eatre exfoli\u00e9 en fines feuilles \u00e0 grande surface, a constitu\u00e9 une r\u00e9volution dans la vie quotidienne des Romains. Il permettait, dans les r\u00e9sidences et les b\u00e2timents publics, de fermer les fen\u00eatres et les pi\u00e8ces ou les p\u00e9ristyles avec des panneaux &#8230;<\/p>\n<\/div>\n<p>Auteur:<br \/>\n<a href=\"https:\/\/www.leaders.com.tn\/article\/32889-sculpture-sur-un-mineral-ancestral-le-lapis-specularis\">Cliquez ici pour lire l&rsquo;article depuis sa source.<\/a><\/p>\n","protected":false},"excerpt":{"rendered":"<p>Le mus\u00e9e du Bardo \u00e9tant ferm\u00e9, les amateurs d\u2019\u0153uvres exceptionnelles peuvent aller au magnifique mus\u00e9e arch\u00e9ologique de Sousse d\u00e9couvrir une merveilleuse exposition. Un artiste espagnol, Miguel \u00c1ngel, po\u00e8te-sculpteur sur un mat\u00e9riau ancestral, le lapis specularis, qui remonte des grottes de la g\u00e9ologie des temps romains, d\u00e9ploie tout son art. Ce min\u00e9ral, constitu\u00e9 de gypse cristallis\u00e9 [&hellip;]<\/p>\n","protected":false},"author":1772,"featured_media":0,"comment_status":"closed","ping_status":"closed","sticky":false,"template":"","format":"standard","meta":{"fifu_image_url":"http:\/\/www.leaders.com.tn\/uploads\/content\/thumbnails_small\/1642754798_article.jpg","fifu_image_alt":"Sculpture sur un min\u00e9ral ancestral, le lapis specularis","footnotes":""},"categories":[73,55],"tags":[],"class_list":["post-139082","post","type-post","status-publish","format-standard","hentry","category-actualite","category-tunisie"],"_links":{"self":[{"href":"https:\/\/linitiative.ca\/International\/wp-json\/wp\/v2\/posts\/139082","targetHints":{"allow":["GET"]}}],"collection":[{"href":"https:\/\/linitiative.ca\/International\/wp-json\/wp\/v2\/posts"}],"about":[{"href":"https:\/\/linitiative.ca\/International\/wp-json\/wp\/v2\/types\/post"}],"author":[{"embeddable":true,"href":"https:\/\/linitiative.ca\/International\/wp-json\/wp\/v2\/users\/1772"}],"replies":[{"embeddable":true,"href":"https:\/\/linitiative.ca\/International\/wp-json\/wp\/v2\/comments?post=139082"}],"version-history":[{"count":0,"href":"https:\/\/linitiative.ca\/International\/wp-json\/wp\/v2\/posts\/139082\/revisions"}],"wp:attachment":[{"href":"https:\/\/linitiative.ca\/International\/wp-json\/wp\/v2\/media?parent=139082"}],"wp:term":[{"taxonomy":"category","embeddable":true,"href":"https:\/\/linitiative.ca\/International\/wp-json\/wp\/v2\/categories?post=139082"},{"taxonomy":"post_tag","embeddable":true,"href":"https:\/\/linitiative.ca\/International\/wp-json\/wp\/v2\/tags?post=139082"}],"curies":[{"name":"wp","href":"https:\/\/api.w.org\/{rel}","templated":true}]}}