{"id":139086,"date":"2022-01-21T07:48:26","date_gmt":"2022-01-21T12:48:26","guid":{"rendered":"https:\/\/linitiative.ca\/International\/europe-maghreb-sahel-un-espace-dopportunites-a-saisir-et-de-defis-a-relever-par-lahcen-haddad\/"},"modified":"2022-01-21T07:48:26","modified_gmt":"2022-01-21T12:48:26","slug":"europe-maghreb-sahel-un-espace-dopportunites-a-saisir-et-de-defis-a-relever-par-lahcen-haddad","status":"publish","type":"post","link":"https:\/\/linitiative.ca\/International\/europe-maghreb-sahel-un-espace-dopportunites-a-saisir-et-de-defis-a-relever-par-lahcen-haddad\/","title":{"rendered":"Europe\/Maghreb\/Sahel. Un espace d\u2019opportunit\u00e9s \u00e0 saisir et de d\u00e9fis \u00e0 relever [Par Lahcen Haddad]"},"content":{"rendered":"<div><img decoding=\"async\" width=\"1236\" height=\"685\" src=\"https:\/\/linitiative.ca\/International\/wp-content\/uploads\/sites\/23\/2022\/01\/Les-pays-du-Maghreb-densite-de-population.jpg\" class=\"attachment-post-thumbnail size-post-thumbnail wp-post-image\" alt=\"\" loading=\"lazy\" srcset=\"https:\/\/linitiative.ca\/International\/wp-content\/uploads\/sites\/23\/2022\/01\/Les-pays-du-Maghreb-densite-de-population.jpg 1236w, https:\/\/www.challenge.ma\/wp-content\/uploads\/2022\/01\/Les-pays-du-Maghreb-densite-de-population-300x166.jpg 300w, https:\/\/www.challenge.ma\/wp-content\/uploads\/2022\/01\/Les-pays-du-Maghreb-densite-de-population-1024x568.jpg 1024w, https:\/\/www.challenge.ma\/wp-content\/uploads\/2022\/01\/Les-pays-du-Maghreb-densite-de-population-768x426.jpg 768w, https:\/\/www.challenge.ma\/wp-content\/uploads\/2022\/01\/Les-pays-du-Maghreb-densite-de-population-360x200.jpg 360w, https:\/\/www.challenge.ma\/wp-content\/uploads\/2022\/01\/Les-pays-du-Maghreb-densite-de-population-750x416.jpg 750w\" sizes=\"auto, (max-width: 1236px) 100vw, 1236px\" itemprop=\"image\">Une vue d\u2019ensemble de l\u2019espace qui s\u2019\u00e9tend de Ziguinchor (S\u00e9n\u00e9gal), Nema (Mauritanie), Sikasso (Mali), Diffa (Niger) et Moundou (Tchad) au Sud du Sahel \u00e0 l\u2019Arctique au Nord de la Finlande et de la Su\u00e8de (les fronti\u00e8res nordiques de l\u2019Union Europ\u00e9enne), en passant par les pays de l\u2019Afrique du Nord, de<\/div>\n<p>Auteur: challenge<br \/>\n<a href=\"https:\/\/www.challenge.ma\/europe-maghreb-sahel-un-espace-dopportunites-a-saisir-et-de-defis-a-relever-par-lahcen-haddad-231080\/\">Cliquez ici pour lire l&rsquo;article depuis sa source.<\/a><\/p>\n","protected":false},"excerpt":{"rendered":"<p>Une vue d\u2019ensemble de l\u2019espace qui s\u2019\u00e9tend de Ziguinchor (S\u00e9n\u00e9gal), Nema (Mauritanie), Sikasso (Mali), Diffa (Niger) et Moundou (Tchad) au Sud du Sahel \u00e0 l\u2019Arctique au Nord de la Finlande et de la Su\u00e8de (les fronti\u00e8res nordiques de l\u2019Union Europ\u00e9enne), en passant par les pays de l\u2019Afrique du Nord, de Auteur: challenge Cliquez ici pour [&hellip;]<\/p>\n","protected":false},"author":1787,"featured_media":0,"comment_status":"closed","ping_status":"closed","sticky":false,"template":"","format":"standard","meta":{"fifu_image_url":"https:\/\/www.challenge.ma\/wp-content\/uploads\/2022\/01\/Les-pays-du-Maghreb-densite-de-population.jpg","fifu_image_alt":"Europe\/Maghreb\/Sahel. Un espace d\u2019opportunit\u00e9s \u00e0 saisir et de d\u00e9fis \u00e0 relever [Par Lahcen Haddad]","footnotes":""},"categories":[78,54],"tags":[],"class_list":["post-139086","post","type-post","status-publish","format-standard","hentry","category-economie","category-maroc"],"_links":{"self":[{"href":"https:\/\/linitiative.ca\/International\/wp-json\/wp\/v2\/posts\/139086","targetHints":{"allow":["GET"]}}],"collection":[{"href":"https:\/\/linitiative.ca\/International\/wp-json\/wp\/v2\/posts"}],"about":[{"href":"https:\/\/linitiative.ca\/International\/wp-json\/wp\/v2\/types\/post"}],"author":[{"embeddable":true,"href":"https:\/\/linitiative.ca\/International\/wp-json\/wp\/v2\/users\/1787"}],"replies":[{"embeddable":true,"href":"https:\/\/linitiative.ca\/International\/wp-json\/wp\/v2\/comments?post=139086"}],"version-history":[{"count":0,"href":"https:\/\/linitiative.ca\/International\/wp-json\/wp\/v2\/posts\/139086\/revisions"}],"wp:attachment":[{"href":"https:\/\/linitiative.ca\/International\/wp-json\/wp\/v2\/media?parent=139086"}],"wp:term":[{"taxonomy":"category","embeddable":true,"href":"https:\/\/linitiative.ca\/International\/wp-json\/wp\/v2\/categories?post=139086"},{"taxonomy":"post_tag","embeddable":true,"href":"https:\/\/linitiative.ca\/International\/wp-json\/wp\/v2\/tags?post=139086"}],"curies":[{"name":"wp","href":"https:\/\/api.w.org\/{rel}","templated":true}]}}