{"id":139092,"date":"2022-01-21T11:42:25","date_gmt":"2022-01-21T16:42:25","guid":{"rendered":"https:\/\/linitiative.ca\/International\/deces-de-noureddine-el-ofir-un-grand-passionne-du-metier-de-conseil-sen-est-alle\/"},"modified":"2022-01-21T11:42:25","modified_gmt":"2022-01-21T16:42:25","slug":"deces-de-noureddine-el-ofir-un-grand-passionne-du-metier-de-conseil-sen-est-alle","status":"publish","type":"post","link":"https:\/\/linitiative.ca\/International\/deces-de-noureddine-el-ofir-un-grand-passionne-du-metier-de-conseil-sen-est-alle\/","title":{"rendered":"D\u00e9c\u00e8s de Noureddine EL OFIR. Un grand passionn\u00e9 du m\u00e9tier de Conseil s\u2019en est all\u00e9"},"content":{"rendered":"<div><img decoding=\"async\" width=\"1280\" height=\"842\" src=\"https:\/\/linitiative.ca\/International\/wp-content\/uploads\/sites\/23\/2022\/01\/final.jpg\" class=\"attachment-post-thumbnail size-post-thumbnail wp-post-image\" alt=\"\" loading=\"lazy\" srcset=\"https:\/\/linitiative.ca\/International\/wp-content\/uploads\/sites\/23\/2022\/01\/final.jpg 1280w, https:\/\/www.challenge.ma\/wp-content\/uploads\/2022\/01\/final-300x197.jpg 300w, https:\/\/www.challenge.ma\/wp-content\/uploads\/2022\/01\/final-1024x674.jpg 1024w, https:\/\/www.challenge.ma\/wp-content\/uploads\/2022\/01\/final-768x505.jpg 768w, https:\/\/www.challenge.ma\/wp-content\/uploads\/2022\/01\/final-360x237.jpg 360w, https:\/\/www.challenge.ma\/wp-content\/uploads\/2022\/01\/final-750x493.jpg 750w\" sizes=\"auto, (max-width: 1280px) 100vw, 1280px\" itemprop=\"image\">C\u2019est avec une grande \u00e9motion que nous avons appris la nouvelle du d\u00e9c\u00e8s de M. Noureddine EL OFIR le lundi 17 d\u00e9cembre au soir \u00e0 l\u2019\u00e2ge de 75 ans, \u00e0 la suite d\u2019une maladie qui l\u2019a emport\u00e9 en quelques jours. Le d\u00e9funt a effectu\u00e9 ses \u00e9tudes sup\u00e9rieures d\u2019expertise comptable \u00e0<\/div>\n<p>Auteur: challenge<br \/>\n<a href=\"https:\/\/www.challenge.ma\/deces-de-noureddine-el-ofir-un-grand-passionne-du-metier-de-conseil-sen-est-alle-231116\/\">Cliquez ici pour lire l&rsquo;article depuis sa source.<\/a><\/p>\n","protected":false},"excerpt":{"rendered":"<p>C\u2019est avec une grande \u00e9motion que nous avons appris la nouvelle du d\u00e9c\u00e8s de M. Noureddine EL OFIR le lundi 17 d\u00e9cembre au soir \u00e0 l\u2019\u00e2ge de 75 ans, \u00e0 la suite d\u2019une maladie qui l\u2019a emport\u00e9 en quelques jours. Le d\u00e9funt a effectu\u00e9 ses \u00e9tudes sup\u00e9rieures d\u2019expertise comptable \u00e0 Auteur: challenge Cliquez ici pour [&hellip;]<\/p>\n","protected":false},"author":1787,"featured_media":0,"comment_status":"closed","ping_status":"closed","sticky":false,"template":"","format":"standard","meta":{"fifu_image_url":"https:\/\/www.challenge.ma\/wp-content\/uploads\/2022\/01\/final.jpg","fifu_image_alt":"D\u00e9c\u00e8s de Noureddine EL OFIR. Un grand passionn\u00e9 du m\u00e9tier de Conseil s\u2019en est all\u00e9","footnotes":""},"categories":[78,54],"tags":[],"class_list":["post-139092","post","type-post","status-publish","format-standard","hentry","category-economie","category-maroc"],"_links":{"self":[{"href":"https:\/\/linitiative.ca\/International\/wp-json\/wp\/v2\/posts\/139092","targetHints":{"allow":["GET"]}}],"collection":[{"href":"https:\/\/linitiative.ca\/International\/wp-json\/wp\/v2\/posts"}],"about":[{"href":"https:\/\/linitiative.ca\/International\/wp-json\/wp\/v2\/types\/post"}],"author":[{"embeddable":true,"href":"https:\/\/linitiative.ca\/International\/wp-json\/wp\/v2\/users\/1787"}],"replies":[{"embeddable":true,"href":"https:\/\/linitiative.ca\/International\/wp-json\/wp\/v2\/comments?post=139092"}],"version-history":[{"count":0,"href":"https:\/\/linitiative.ca\/International\/wp-json\/wp\/v2\/posts\/139092\/revisions"}],"wp:attachment":[{"href":"https:\/\/linitiative.ca\/International\/wp-json\/wp\/v2\/media?parent=139092"}],"wp:term":[{"taxonomy":"category","embeddable":true,"href":"https:\/\/linitiative.ca\/International\/wp-json\/wp\/v2\/categories?post=139092"},{"taxonomy":"post_tag","embeddable":true,"href":"https:\/\/linitiative.ca\/International\/wp-json\/wp\/v2\/tags?post=139092"}],"curies":[{"name":"wp","href":"https:\/\/api.w.org\/{rel}","templated":true}]}}