{"id":139099,"date":"2022-01-21T16:53:44","date_gmt":"2022-01-21T21:53:44","guid":{"rendered":"https:\/\/linitiative.ca\/International\/tunisie-ministre-de-linterieur-les-agressions-contre-les-journalistes-sont-des-erreurs-professionnelles-isolees\/"},"modified":"2022-01-21T16:53:44","modified_gmt":"2022-01-21T21:53:44","slug":"tunisie-ministre-de-linterieur-les-agressions-contre-les-journalistes-sont-des-erreurs-professionnelles-isolees","status":"publish","type":"post","link":"https:\/\/linitiative.ca\/International\/tunisie-ministre-de-linterieur-les-agressions-contre-les-journalistes-sont-des-erreurs-professionnelles-isolees\/","title":{"rendered":"Tunisie-Ministre de l\u2019Int\u00e9rieur : Les agressions contre les journalistes sont des \u201cerreurs professionnelles isol\u00e9es\u201d"},"content":{"rendered":"<div>\n<p>Le ministre de l\u2019Int\u00e9rieur, Taoufik Charfeddine a re\u00e7u ce soir, vendredi 21 janvier 2022, au si\u00e8ge du minist\u00e8re, le Chef du Syndicat National des Journalistes Tunisiens, Mohamed Yassine Jelassi et la Vice-pr\u00e9sidente, \u201cAmira Mohamed\u201d Au cours de cette r\u00e9union, de nombreux sujets li\u00e9s aux domaines de coop\u00e9ration entre le minist\u00e8re de l\u2019Int\u00e9rieur et le Syndicat [\u2026]<\/p>\n<p>L\u2019article <a href=\"https:\/\/www.tunisienumerique.com\/tunisie-ministre-de-linterieur-les-agressions-contre-les-journalistes-sont-des-erreurs-professionnelles-isolees\/\">Tunisie-Ministre de l\u2019Int\u00e9rieur : Les agressions contre les journalistes sont des \u201cerreurs professionnelles isol\u00e9es\u201d<\/a> est apparu en premier sur <a href=\"https:\/\/www.tunisienumerique.com\/\">Tunisie<\/a>.<\/p>\n<\/div>\n<p>Auteur: rania ben slimane<br \/>\n<a href=\"https:\/\/www.tunisienumerique.com\/tunisie-ministre-de-linterieur-les-agressions-contre-les-journalistes-sont-des-erreurs-professionnelles-isolees\/\">Cliquez ici pour lire l&rsquo;article depuis sa source.<\/a><\/p>\n","protected":false},"excerpt":{"rendered":"<p>Le ministre de l\u2019Int\u00e9rieur, Taoufik Charfeddine a re\u00e7u ce soir, vendredi 21 janvier 2022, au si\u00e8ge du minist\u00e8re, le Chef du Syndicat National des Journalistes Tunisiens, Mohamed Yassine Jelassi et la Vice-pr\u00e9sidente, \u201cAmira Mohamed\u201d Au cours de cette r\u00e9union, de nombreux sujets li\u00e9s aux domaines de coop\u00e9ration entre le minist\u00e8re de l\u2019Int\u00e9rieur et le Syndicat [&hellip;]<\/p>\n","protected":false},"author":1789,"featured_media":0,"comment_status":"closed","ping_status":"closed","sticky":false,"template":"","format":"standard","meta":{"fifu_image_url":"","fifu_image_alt":"","footnotes":""},"categories":[73,55],"tags":[],"class_list":["post-139099","post","type-post","status-publish","format-standard","hentry","category-actualite","category-tunisie"],"_links":{"self":[{"href":"https:\/\/linitiative.ca\/International\/wp-json\/wp\/v2\/posts\/139099","targetHints":{"allow":["GET"]}}],"collection":[{"href":"https:\/\/linitiative.ca\/International\/wp-json\/wp\/v2\/posts"}],"about":[{"href":"https:\/\/linitiative.ca\/International\/wp-json\/wp\/v2\/types\/post"}],"author":[{"embeddable":true,"href":"https:\/\/linitiative.ca\/International\/wp-json\/wp\/v2\/users\/1789"}],"replies":[{"embeddable":true,"href":"https:\/\/linitiative.ca\/International\/wp-json\/wp\/v2\/comments?post=139099"}],"version-history":[{"count":0,"href":"https:\/\/linitiative.ca\/International\/wp-json\/wp\/v2\/posts\/139099\/revisions"}],"wp:attachment":[{"href":"https:\/\/linitiative.ca\/International\/wp-json\/wp\/v2\/media?parent=139099"}],"wp:term":[{"taxonomy":"category","embeddable":true,"href":"https:\/\/linitiative.ca\/International\/wp-json\/wp\/v2\/categories?post=139099"},{"taxonomy":"post_tag","embeddable":true,"href":"https:\/\/linitiative.ca\/International\/wp-json\/wp\/v2\/tags?post=139099"}],"curies":[{"name":"wp","href":"https:\/\/api.w.org\/{rel}","templated":true}]}}