{"id":139100,"date":"2022-01-21T17:17:11","date_gmt":"2022-01-21T22:17:11","guid":{"rendered":"https:\/\/linitiative.ca\/International\/metlaoui-deraillement-de-train-de-transport-de-phosphate-la-sncft-ouvre-une-enquete\/"},"modified":"2022-01-21T17:17:11","modified_gmt":"2022-01-21T22:17:11","slug":"metlaoui-deraillement-de-train-de-transport-de-phosphate-la-sncft-ouvre-une-enquete","status":"publish","type":"post","link":"https:\/\/linitiative.ca\/International\/metlaoui-deraillement-de-train-de-transport-de-phosphate-la-sncft-ouvre-une-enquete\/","title":{"rendered":"M\u00e9tlaoui-D\u00e9raillement de train de transport de phosphate : la SNCFT ouvre une enqu\u00eate"},"content":{"rendered":"<div>\n<p>Sur instruction du ministre des transports, Rabie Mjidi, le Directeur G\u00e9n\u00e9ral de la Soci\u00e9t\u00e9 Nationale des chemins de Fer Tunisiens-SNCFT, Taoufik Boufayed, s\u2019est rendu \u00e0 M\u00e9tlaoui aujourd\u2019hui, vendredi 21 janvier 2022, accompagn\u00e9 du responsable de la Direction G\u00e9n\u00e9rale des Transports Terrestres, Kamal Nafti et le Directeur des Enqu\u00eates sur les Accidents de Transport Terrestre, Mouhib [\u2026]<\/p>\n<p>L\u2019article <a href=\"https:\/\/www.tunisienumerique.com\/metlaoui-deraillement-de-train-de-transport-de-phosphate-la-sncft-ouvre-une-enquete\/\">M\u00e9tlaoui-D\u00e9raillement de train de transport de phosphate : la SNCFT ouvre une enqu\u00eate<\/a> est apparu en premier sur <a href=\"https:\/\/www.tunisienumerique.com\/\">Tunisie<\/a>.<\/p>\n<\/div>\n<p>Auteur: rania ben slimane<br \/>\n<a href=\"https:\/\/www.tunisienumerique.com\/metlaoui-deraillement-de-train-de-transport-de-phosphate-la-sncft-ouvre-une-enquete\/\">Cliquez ici pour lire l&rsquo;article depuis sa source.<\/a><\/p>\n","protected":false},"excerpt":{"rendered":"<p>Sur instruction du ministre des transports, Rabie Mjidi, le Directeur G\u00e9n\u00e9ral de la Soci\u00e9t\u00e9 Nationale des chemins de Fer Tunisiens-SNCFT, Taoufik Boufayed, s\u2019est rendu \u00e0 M\u00e9tlaoui aujourd\u2019hui, vendredi 21 janvier 2022, accompagn\u00e9 du responsable de la Direction G\u00e9n\u00e9rale des Transports Terrestres, Kamal Nafti et le Directeur des Enqu\u00eates sur les Accidents de Transport Terrestre, Mouhib [&hellip;]<\/p>\n","protected":false},"author":1789,"featured_media":0,"comment_status":"closed","ping_status":"closed","sticky":false,"template":"","format":"standard","meta":{"fifu_image_url":"","fifu_image_alt":"","footnotes":""},"categories":[73,55],"tags":[],"class_list":["post-139100","post","type-post","status-publish","format-standard","hentry","category-actualite","category-tunisie"],"_links":{"self":[{"href":"https:\/\/linitiative.ca\/International\/wp-json\/wp\/v2\/posts\/139100","targetHints":{"allow":["GET"]}}],"collection":[{"href":"https:\/\/linitiative.ca\/International\/wp-json\/wp\/v2\/posts"}],"about":[{"href":"https:\/\/linitiative.ca\/International\/wp-json\/wp\/v2\/types\/post"}],"author":[{"embeddable":true,"href":"https:\/\/linitiative.ca\/International\/wp-json\/wp\/v2\/users\/1789"}],"replies":[{"embeddable":true,"href":"https:\/\/linitiative.ca\/International\/wp-json\/wp\/v2\/comments?post=139100"}],"version-history":[{"count":0,"href":"https:\/\/linitiative.ca\/International\/wp-json\/wp\/v2\/posts\/139100\/revisions"}],"wp:attachment":[{"href":"https:\/\/linitiative.ca\/International\/wp-json\/wp\/v2\/media?parent=139100"}],"wp:term":[{"taxonomy":"category","embeddable":true,"href":"https:\/\/linitiative.ca\/International\/wp-json\/wp\/v2\/categories?post=139100"},{"taxonomy":"post_tag","embeddable":true,"href":"https:\/\/linitiative.ca\/International\/wp-json\/wp\/v2\/tags?post=139100"}],"curies":[{"name":"wp","href":"https:\/\/api.w.org\/{rel}","templated":true}]}}