{"id":139101,"date":"2022-01-21T03:50:46","date_gmt":"2022-01-21T08:50:46","guid":{"rendered":"https:\/\/linitiative.ca\/International\/province-du-houet-la-douane-de-fo-attaquee\/"},"modified":"2022-01-21T03:50:46","modified_gmt":"2022-01-21T08:50:46","slug":"province-du-houet-la-douane-de-fo-attaquee","status":"publish","type":"post","link":"https:\/\/linitiative.ca\/International\/province-du-houet-la-douane-de-fo-attaquee\/","title":{"rendered":"Province du Houet\u00a0: la douane de F\u00f4 attaqu\u00e9e"},"content":{"rendered":"<div>\n<p><strong>Le service des douanes de F\u00f4, commune situ\u00e9e \u00e0 environ 95 km de Bobo-Dioulasso sur la RN9 (Bobo-Farama-Mali) a \u00e9t\u00e9 attaqu\u00e9e par d\u2019hommes arm\u00e9s non identifi\u00e9s, dans l\u2019apr\u00e8s-midi du jeudi 20 janvier 2022. Selon des sources locales, le bilan n\u2019est pas encore \u00e9tabli.<\/strong><\/p>\n<p>Des Hommes arm\u00e9s non encore identifi\u00e9s attaqu\u00e9 et incendi\u00e9 la douane de F\u00f4, \u00e0 95 km de Bobo-Dioulasso, sur l\u2019axe Bobo-Faramana, dans la province du Houet, dans l\u2019apr\u00e8s-midi du jeudi 20 janvier 2022. Selon une source s\u00e9curitaire, les assaillants, au nombre de 15 personnes, sont venus \u00e0 motos. Et de pr\u00e9ciser que les \u00ab\u00a0<em>\u00e9l\u00e9ments<\/em>\u00a0\u00bb en poste \u00e0 la douane \u00e9taient en nombre insuffisant et ne pouvaient donc pas faire face \u00e0 l\u2019attaque. \u00ab\u00a0<em>Ils ont voulu progresser vers le commissariat, mais ils sont repartis vers les villages de Kogou\u00e9 et de Banmb\u00e9, non loin de Farama<\/em>\u00a0\u00bb, a confi\u00e9 un habitant de F\u00f4 que Sidwaya a joint au t\u00e9l\u00e9phone. Pour l\u2019instant, aucun bilan n\u2019a \u00e9t\u00e9 communiqu\u00e9, mais les assaillants seraient partis avec un v\u00e9hicule de la douane. Un ratissage a \u00e9t\u00e9 engag\u00e9.<\/p>\n<p><strong>La R\u00e9daction Sidwaya\/Bobo<\/strong><\/p>\n<p><strong>\u00a0<\/strong><\/p>\n<p>\u00a0<\/p>\n<p>L\u2019article <a rel=\"nofollow\" href=\"https:\/\/www.sidwaya.info\/blog\/2022\/01\/21\/province-du-houet-la-douane-de-fo-attaquee\/\">Province du Houet\u00a0: la douane de F\u00f4 attaqu\u00e9e<\/a> est apparu en premier sur <a rel=\"nofollow\" href=\"https:\/\/www.sidwaya.info\/\">Quotidien Sidwaya<\/a>.<\/p>\n<\/div>\n<p>Auteur: BS. Sidwaya<br \/>\n<a href=\"https:\/\/www.sidwaya.info\/blog\/2022\/01\/21\/province-du-houet-la-douane-de-fo-attaquee\/?utm_source=rss&#038;utm_medium=rss&#038;utm_campaign=province-du-houet-la-douane-de-fo-attaquee\">Cliquez ici pour lire l&rsquo;article depuis sa source.<\/a><\/p>\n","protected":false},"excerpt":{"rendered":"<p>Le service des douanes de F\u00f4, commune situ\u00e9e \u00e0 environ 95 km de Bobo-Dioulasso sur la RN9 (Bobo-Farama-Mali) a \u00e9t\u00e9 attaqu\u00e9e par d\u2019hommes arm\u00e9s non identifi\u00e9s, dans l\u2019apr\u00e8s-midi du jeudi 20 janvier 2022. Selon des sources locales, le bilan n\u2019est pas encore \u00e9tabli. Des Hommes arm\u00e9s non encore identifi\u00e9s attaqu\u00e9 et incendi\u00e9 la douane de [&hellip;]<\/p>\n","protected":false},"author":1816,"featured_media":0,"comment_status":"closed","ping_status":"closed","sticky":false,"template":"","format":"standard","meta":{"fifu_image_url":"","fifu_image_alt":"","footnotes":""},"categories":[73,81],"tags":[],"class_list":["post-139101","post","type-post","status-publish","format-standard","hentry","category-actualite","category-burkina-faso"],"_links":{"self":[{"href":"https:\/\/linitiative.ca\/International\/wp-json\/wp\/v2\/posts\/139101","targetHints":{"allow":["GET"]}}],"collection":[{"href":"https:\/\/linitiative.ca\/International\/wp-json\/wp\/v2\/posts"}],"about":[{"href":"https:\/\/linitiative.ca\/International\/wp-json\/wp\/v2\/types\/post"}],"author":[{"embeddable":true,"href":"https:\/\/linitiative.ca\/International\/wp-json\/wp\/v2\/users\/1816"}],"replies":[{"embeddable":true,"href":"https:\/\/linitiative.ca\/International\/wp-json\/wp\/v2\/comments?post=139101"}],"version-history":[{"count":0,"href":"https:\/\/linitiative.ca\/International\/wp-json\/wp\/v2\/posts\/139101\/revisions"}],"wp:attachment":[{"href":"https:\/\/linitiative.ca\/International\/wp-json\/wp\/v2\/media?parent=139101"}],"wp:term":[{"taxonomy":"category","embeddable":true,"href":"https:\/\/linitiative.ca\/International\/wp-json\/wp\/v2\/categories?post=139101"},{"taxonomy":"post_tag","embeddable":true,"href":"https:\/\/linitiative.ca\/International\/wp-json\/wp\/v2\/tags?post=139101"}],"curies":[{"name":"wp","href":"https:\/\/api.w.org\/{rel}","templated":true}]}}