{"id":139103,"date":"2022-01-21T05:22:28","date_gmt":"2022-01-21T10:22:28","guid":{"rendered":"https:\/\/linitiative.ca\/International\/minusma-reprise-des-vols-aeriens-suspendus-au-mali\/"},"modified":"2022-01-21T05:22:28","modified_gmt":"2022-01-21T10:22:28","slug":"minusma-reprise-des-vols-aeriens-suspendus-au-mali","status":"publish","type":"post","link":"https:\/\/linitiative.ca\/International\/minusma-reprise-des-vols-aeriens-suspendus-au-mali\/","title":{"rendered":"\u00a0  MINUSMA\u00a0: reprise des vols a\u00e9riens suspendus au Mali"},"content":{"rendered":"<div>\n<p>\u00c0 la faveur d\u2019une s\u00e9rie de discussions fructueuses avec les autorit\u00e9s maliennes, la MINUSMA reprend ses op\u00e9rations a\u00e9riennes. La Mission se f\u00e9licite de l\u2019esprit de coop\u00e9ration et de partenariat qui a pr\u00e9sid\u00e9 \u00e0 ces discussions.<\/p>\n<p>La MINUSMA r\u00e9it\u00e8re son engagement \u00e0 continuer \u00e0 appuyer le Mali dans les efforts d\u00e9ploy\u00e9s en vue de la restauration durable de la paix, de la s\u00e9curit\u00e9 et de la stabilit\u00e9. Elle r\u00e9affirme sa volont\u00e9 de b\u00e2tir sur les acquis d\u00e9j\u00e0 capitalis\u00e9s en termes de s\u00e9curisation des biens et des personnes, ainsi que sur les aspects li\u00e9s aux dividendes de la paix, \u00e0 la r\u00e9conciliation et la coh\u00e9sion sociale. En effet,le Gouvernement de transition avait entrepris une r\u00e9organisation de son processus d\u2019approbation des vols au Mali. Dans l\u2019attente de la finalisation de ces modalit\u00e9s, la MINUSMA a suspendu ses vols sur le territoire malien, \u00e0 l\u2019exception des \u00e9vacuations m\u00e9dicales.<\/p>\n<p>La MINUSMA utilise ses moyens a\u00e9riens pour le transport de troupes, de personnels civils et de mat\u00e9riel, ainsi que pour ses op\u00e9rations de s\u00e9curisation au sol au b\u00e9n\u00e9fice des populations ou des Casques bleus. Ces moyens sont \u00e9galement mobilis\u00e9s en appui aux partenaires maliens, notamment en ce qui concerne le transport et les \u00e9vacuations m\u00e9dicales.<\/p>\n<p><strong>SOURCE<\/strong><br \/>\nUnited Nations Multidimensional Integrated Stabilization Mission in Mali (MINUSMA)<\/p>\n<p>L\u2019article <a rel=\"nofollow\" href=\"https:\/\/www.sidwaya.info\/blog\/2022\/01\/21\/minusma-reprise-des-vols-aeriens-suspendus-au-mali\/\">\u00a0  MINUSMA\u00a0: reprise des vols a\u00e9riens suspendus au Mali<\/a> est apparu en premier sur <a rel=\"nofollow\" href=\"https:\/\/www.sidwaya.info\/\">Quotidien Sidwaya<\/a>.<\/p>\n<\/div>\n<p>Auteur: BS. Sidwaya<br \/>\n<a href=\"https:\/\/www.sidwaya.info\/blog\/2022\/01\/21\/minusma-reprise-des-vols-aeriens-suspendus-au-mali\/?utm_source=rss&#038;utm_medium=rss&#038;utm_campaign=minusma-reprise-des-vols-aeriens-suspendus-au-mali\">Cliquez ici pour lire l&rsquo;article depuis sa source.<\/a><\/p>\n","protected":false},"excerpt":{"rendered":"<p>\u00c0 la faveur d\u2019une s\u00e9rie de discussions fructueuses avec les autorit\u00e9s maliennes, la MINUSMA reprend ses op\u00e9rations a\u00e9riennes. La Mission se f\u00e9licite de l\u2019esprit de coop\u00e9ration et de partenariat qui a pr\u00e9sid\u00e9 \u00e0 ces discussions. La MINUSMA r\u00e9it\u00e8re son engagement \u00e0 continuer \u00e0 appuyer le Mali dans les efforts d\u00e9ploy\u00e9s en vue de la restauration [&hellip;]<\/p>\n","protected":false},"author":1816,"featured_media":0,"comment_status":"closed","ping_status":"closed","sticky":false,"template":"","format":"standard","meta":{"fifu_image_url":"","fifu_image_alt":"","footnotes":""},"categories":[73,81],"tags":[],"class_list":["post-139103","post","type-post","status-publish","format-standard","hentry","category-actualite","category-burkina-faso"],"_links":{"self":[{"href":"https:\/\/linitiative.ca\/International\/wp-json\/wp\/v2\/posts\/139103","targetHints":{"allow":["GET"]}}],"collection":[{"href":"https:\/\/linitiative.ca\/International\/wp-json\/wp\/v2\/posts"}],"about":[{"href":"https:\/\/linitiative.ca\/International\/wp-json\/wp\/v2\/types\/post"}],"author":[{"embeddable":true,"href":"https:\/\/linitiative.ca\/International\/wp-json\/wp\/v2\/users\/1816"}],"replies":[{"embeddable":true,"href":"https:\/\/linitiative.ca\/International\/wp-json\/wp\/v2\/comments?post=139103"}],"version-history":[{"count":0,"href":"https:\/\/linitiative.ca\/International\/wp-json\/wp\/v2\/posts\/139103\/revisions"}],"wp:attachment":[{"href":"https:\/\/linitiative.ca\/International\/wp-json\/wp\/v2\/media?parent=139103"}],"wp:term":[{"taxonomy":"category","embeddable":true,"href":"https:\/\/linitiative.ca\/International\/wp-json\/wp\/v2\/categories?post=139103"},{"taxonomy":"post_tag","embeddable":true,"href":"https:\/\/linitiative.ca\/International\/wp-json\/wp\/v2\/tags?post=139103"}],"curies":[{"name":"wp","href":"https:\/\/api.w.org\/{rel}","templated":true}]}}