{"id":139105,"date":"2022-01-21T12:44:52","date_gmt":"2022-01-21T17:44:52","guid":{"rendered":"https:\/\/linitiative.ca\/International\/show-biz-soko-festival-cree-son-marche-de-la-musique\/"},"modified":"2022-01-21T12:44:52","modified_gmt":"2022-01-21T17:44:52","slug":"show-biz-soko-festival-cree-son-marche-de-la-musique","status":"publish","type":"post","link":"https:\/\/linitiative.ca\/International\/show-biz-soko-festival-cree-son-marche-de-la-musique\/","title":{"rendered":"\u00a0\u00a0Show-biz: SOKO Festival \u00a0cr\u00e9e\u00a0 son march\u00e9 de la musique"},"content":{"rendered":"<div>\n<p><strong>La 7<sup>e <\/sup>\u00e9dition de SOKO Festival a r\u00e9uni une trentaine d\u2019artistes-musiciens burkinab\u00e8 et de la sous-r\u00e9gion \u00e0 l\u2019Institut fran\u00e7ais de Ouagadougou. Avec comme innovation, un march\u00e9 de la musique baptis\u00e9e <em>\u2019\u2019Yaar music\u2019\u2019.<\/em>\u00a0 <\/strong><\/p>\n<p><strong>\u00a0<\/strong>L\u2019institut fran\u00e7ais de Ouagadougou \u00a0(IFO) \u00e9tait, du 12 \u00a0au 15 janvier 2022, aux couleurs de SOKO Festival. La 7<sup>e<\/sup> \u00e9dition. Au programme, une trentaine d\u2019artistes-musiciens\u00a0burkinab\u00e8 et de la sous-r\u00e9gion\u00a0 dont les vedettes Maria Bissongo et Kandy Guira. Cette derni\u00e8re, avec son style \u00e9lectro-pop mix\u00e9 aux rythmes traditionnels notamment warba, a fait vibrer les festivaliers lors de la cl\u00f4ture, le samedi 15 janvier 2022.A la grande joie du promoteur de SOKO festival, Ibrahim Ke\u00efta. Pour lui, l\u2019\u00e9v\u00e9nement est devenu une vitrine incontournable de la musique burkinab\u00e8 et africaine. Avec surtout un accent particulier mis sur la promotion de nouveaux talents capables de faire le plein de grandes salles de spectacle en Afrique et hors du continent. C\u2019est pourquoi SOKO festival a, pour atteindre ses objectifs, a soulign\u00e9 M. Ke\u00efta, nou\u00e9 des partenariats avec \u00a0plusieurs\u00a0 autres festivals notamment le Festival International de Musique Universitaire (FIMU) de Belfort, Yop Reggae festival de la C\u00f4te d\u2019Ivoire, Music caravane de Porto-Novo(Benin) et Togo Jazz festival. La particularit\u00e9 de cette 7e \u00e9dition, a fait remarquer le coordonnateur du festival, Freeman Tamplily, a \u00e9t\u00e9 le march\u00e9 de la musique africaine <em>\u00ab\u00a0Yaar music\u00a0\u00bb. <\/em>Un cadre <em>\u00ab\u00a0bas\u00e9\u00a0 exclusivement\u00a0sur le d\u00e9veloppement \u00a0du secteur de la distribution de la musique au Burkina Faso et en Afrique de l\u2019Ouest\u00a0\u00bb.<\/em>Ainsi, en marge des prestations musicales dans le jardin et du Grand M\u00e9li\u00e8s de l\u2019IFO, des acteurs de la fili\u00e8re musique pr\u00e9sents \u00e0 la manifestation ont b\u00e9n\u00e9fici\u00e9 de masters class et de formations sur la guitare, la communication \u00e9v\u00e9nementielle, la production, la distribution et le booking.<\/p>\n<p><strong>Alassane KERE<\/strong><\/p>\n<p>L\u2019article <a rel=\"nofollow\" href=\"https:\/\/www.sidwaya.info\/blog\/2022\/01\/21\/show-biz-soko-festival-cree-son-marche-de-la-musique\/\">\u00a0\u00a0Show-biz: SOKO Festival \u00a0cr\u00e9e\u00a0 son march\u00e9 de la musique<\/a> est apparu en premier sur <a rel=\"nofollow\" href=\"https:\/\/www.sidwaya.info\/\">Quotidien Sidwaya<\/a>.<\/p>\n<\/div>\n<p>Auteur: BS. Sidwaya<br \/>\n<a href=\"https:\/\/www.sidwaya.info\/blog\/2022\/01\/21\/show-biz-soko-festival-cree-son-marche-de-la-musique\/?utm_source=rss&#038;utm_medium=rss&#038;utm_campaign=show-biz-soko-festival-cree-son-marche-de-la-musique\">Cliquez ici pour lire l&rsquo;article depuis sa source.<\/a><\/p>\n","protected":false},"excerpt":{"rendered":"<p>La 7e \u00e9dition de SOKO Festival a r\u00e9uni une trentaine d\u2019artistes-musiciens burkinab\u00e8 et de la sous-r\u00e9gion \u00e0 l\u2019Institut fran\u00e7ais de Ouagadougou. Avec comme innovation, un march\u00e9 de la musique baptis\u00e9e \u2019\u2019Yaar music\u2019\u2019.\u00a0 \u00a0L\u2019institut fran\u00e7ais de Ouagadougou \u00a0(IFO) \u00e9tait, du 12 \u00a0au 15 janvier 2022, aux couleurs de SOKO Festival. La 7e \u00e9dition. Au programme, une [&hellip;]<\/p>\n","protected":false},"author":1816,"featured_media":0,"comment_status":"closed","ping_status":"closed","sticky":false,"template":"","format":"standard","meta":{"fifu_image_url":"","fifu_image_alt":"","footnotes":""},"categories":[73,81],"tags":[],"class_list":["post-139105","post","type-post","status-publish","format-standard","hentry","category-actualite","category-burkina-faso"],"_links":{"self":[{"href":"https:\/\/linitiative.ca\/International\/wp-json\/wp\/v2\/posts\/139105","targetHints":{"allow":["GET"]}}],"collection":[{"href":"https:\/\/linitiative.ca\/International\/wp-json\/wp\/v2\/posts"}],"about":[{"href":"https:\/\/linitiative.ca\/International\/wp-json\/wp\/v2\/types\/post"}],"author":[{"embeddable":true,"href":"https:\/\/linitiative.ca\/International\/wp-json\/wp\/v2\/users\/1816"}],"replies":[{"embeddable":true,"href":"https:\/\/linitiative.ca\/International\/wp-json\/wp\/v2\/comments?post=139105"}],"version-history":[{"count":0,"href":"https:\/\/linitiative.ca\/International\/wp-json\/wp\/v2\/posts\/139105\/revisions"}],"wp:attachment":[{"href":"https:\/\/linitiative.ca\/International\/wp-json\/wp\/v2\/media?parent=139105"}],"wp:term":[{"taxonomy":"category","embeddable":true,"href":"https:\/\/linitiative.ca\/International\/wp-json\/wp\/v2\/categories?post=139105"},{"taxonomy":"post_tag","embeddable":true,"href":"https:\/\/linitiative.ca\/International\/wp-json\/wp\/v2\/tags?post=139105"}],"curies":[{"name":"wp","href":"https:\/\/api.w.org\/{rel}","templated":true}]}}