{"id":139108,"date":"2022-01-21T11:18:03","date_gmt":"2022-01-21T16:18:03","guid":{"rendered":"https:\/\/linitiative.ca\/International\/senegal-pour-le-maintien-de-la-loi-sur-le-domaine-national\/"},"modified":"2022-01-21T11:18:03","modified_gmt":"2022-01-21T16:18:03","slug":"senegal-pour-le-maintien-de-la-loi-sur-le-domaine-national","status":"publish","type":"post","link":"https:\/\/linitiative.ca\/International\/senegal-pour-le-maintien-de-la-loi-sur-le-domaine-national\/","title":{"rendered":"S\u00e9n\u00e9gal : pour le maintien de la loi sur le domaine national"},"content":{"rendered":"<div>\n<p><img decoding=\"async\" width=\"688\" height=\"331\" src=\"https:\/\/linitiative.ca\/International\/wp-content\/uploads\/sites\/23\/2022\/01\/16427818845768.jpg\" class=\"attachment-post-thumbnail size-post-thumbnail wp-post-image\" alt=\"\" loading=\"lazy\" srcset=\"https:\/\/linitiative.ca\/International\/wp-content\/uploads\/sites\/23\/2022\/01\/16427818845768.jpg 688w, https:\/\/www.journalducameroun.com\/wp-content\/uploads\/2022\/01\/16427818845768-300x144.jpg 300w, https:\/\/www.journalducameroun.com\/wp-content\/uploads\/2022\/01\/16427818845768-600x289.jpg 600w\" sizes=\"auto, (max-width: 688px) 100vw, 688px\"><\/p>\n<p>Plusieurs organisations de la soci\u00e9t\u00e9 civile s\u00e9n\u00e9galaise ont demand\u00e9 au pr\u00e9sident de la R\u00e9publique de maintenir l&rsquo;esprit de la loi sur le domaine national en cas de r\u00e9forme fonci\u00e8re.Au S\u00e9n\u00e9gal, le d\u00e9bat sur le foncier est relanc\u00e9 depuis le 18 janvier 2022. Pr\u00e9sidant ce jour la rentr\u00e9e des Cours et Tribunaux, le chef de l&rsquo;Etat, Macky Sall, a affirm\u00e9 que s&rsquo;il avait appliqu\u00e9 les recommandations de la Commission nationale sur la r\u00e9forme fonci\u00e8re (CNRF), \u00ab en moins de 12 mois, il n&rsquo;existerait plus un seul m\u00e8tre carr\u00e9 public sur les terres du domaine national \u00bb car, \u00ab les collectivit\u00e9s allaient d\u00e9lib\u00e9rer et octroyer toutes les terres. Je ne peux pas assumer cette responsabilit\u00e9 \u00bb.<\/p>\n<p>Partant de l\u00e0, le Cadre de r\u00e9flexion et d&rsquo;action pour le foncier au S\u00e9n\u00e9gal (CRAFS) qui r\u00e9unit le Conseil national de concertation et de coop\u00e9ration des ruraux (CNCR), l&rsquo;Initiative prospective agricole et rurale (Ipar), l&rsquo;ONG Enda, l&rsquo;Institut panafricain pour la citoyennet\u00e9, les consommateurs et le d\u00e9veloppement (Cicodev), entre autres, a dit \u00eatre favorable \u00e0 \u00ab une gouvernance fonci\u00e8re apais\u00e9e et profitable \u00e0 tous et \u00e0 toutes\u00a0\u00bb et \u00ab \u00e0 une r\u00e9forme de la loi sur le domaine national tout en maintenant son esprit \u00bb.<\/p>\n<p>Rappelant, ce vendredi \u00e0 Dakar au cours d&rsquo;une conf\u00e9rence de presse, avoir \u00ab particip\u00e9 activement au processus de r\u00e9forme fonci\u00e8re port\u00e9e la CNRF \u00bb, le CRAFS a rejet\u00e9 l&rsquo;immatriculation g\u00e9n\u00e9ralis\u00e9e ainsi que la privatisation des terres du domaine national favorisant la marchandisation des terres.<\/p>\n<p>La structure a \u00e9galement exig\u00e9 la reconnaissance et le respect des droits fonciers l\u00e9gitimes des communaut\u00e9s locales qui vivent de la terre, le renforcement du contr\u00f4le et de la participation citoyenne dans la gouvernance fonci\u00e8re avec des instances paritaires, et la mise en place de voies de recours plus efficaces et peu formalistes pour les populations qui se sentiraient l\u00e9s\u00e9es par une op\u00e9ration fonci\u00e8re.<\/p>\n<p>\u00ab La position du CRAFS a \u00e9t\u00e9 de dire que le domaine national, en particulier les terres \u00e0 usage agricole, doivent rester un patrimoine national non cessible pour l&rsquo;int\u00e9r\u00eat des communaut\u00e9s pr\u00e9sentes et futures. Ces terres ne doivent faire l&rsquo;objet ni d&rsquo;une immatriculation, ni d&rsquo;une privatisation et ni d&rsquo;aucune forme de marchandisation \u00bb, a r\u00e9it\u00e9r\u00e9 Babacar Diop, pr\u00e9sident du CNCR, porte-parole du jour.<\/p>\n<p>Cet article <a rel=\"nofollow\" href=\"https:\/\/www.journalducameroun.com\/senegal-pour-le-maintien-de-la-loi-sur-le-domaine-national\/\">S\u00e9n\u00e9gal : pour le maintien de la loi sur le domaine national<\/a> est apparu en premier sur <a rel=\"nofollow\" href=\"https:\/\/www.journalducameroun.com\/\">Journal du Cameroun<\/a>.<\/p>\n<\/div>\n<p>Auteur: APA News<br \/>\n<a href=\"https:\/\/www.journalducameroun.com\/senegal-pour-le-maintien-de-la-loi-sur-le-domaine-national\/\">Cliquez ici pour lire l&rsquo;article depuis sa source.<\/a><\/p>\n","protected":false},"excerpt":{"rendered":"<p>Plusieurs organisations de la soci\u00e9t\u00e9 civile s\u00e9n\u00e9galaise ont demand\u00e9 au pr\u00e9sident de la R\u00e9publique de maintenir l&rsquo;esprit de la loi sur le domaine national en cas de r\u00e9forme fonci\u00e8re.Au S\u00e9n\u00e9gal, le d\u00e9bat sur le foncier est relanc\u00e9 depuis le 18 janvier 2022. Pr\u00e9sidant ce jour la rentr\u00e9e des Cours et Tribunaux, le chef de l&rsquo;Etat, [&hellip;]<\/p>\n","protected":false},"author":1965,"featured_media":0,"comment_status":"closed","ping_status":"closed","sticky":false,"template":"","format":"standard","meta":{"fifu_image_url":"https:\/\/www.journalducameroun.com\/wp-content\/uploads\/2022\/01\/16427818845768.jpg","fifu_image_alt":"S\u00e9n\u00e9gal : pour le maintien de la loi sur le domaine national","footnotes":""},"categories":[73,82],"tags":[],"class_list":["post-139108","post","type-post","status-publish","format-standard","hentry","category-actualite","category-cameroun"],"_links":{"self":[{"href":"https:\/\/linitiative.ca\/International\/wp-json\/wp\/v2\/posts\/139108","targetHints":{"allow":["GET"]}}],"collection":[{"href":"https:\/\/linitiative.ca\/International\/wp-json\/wp\/v2\/posts"}],"about":[{"href":"https:\/\/linitiative.ca\/International\/wp-json\/wp\/v2\/types\/post"}],"author":[{"embeddable":true,"href":"https:\/\/linitiative.ca\/International\/wp-json\/wp\/v2\/users\/1965"}],"replies":[{"embeddable":true,"href":"https:\/\/linitiative.ca\/International\/wp-json\/wp\/v2\/comments?post=139108"}],"version-history":[{"count":0,"href":"https:\/\/linitiative.ca\/International\/wp-json\/wp\/v2\/posts\/139108\/revisions"}],"wp:attachment":[{"href":"https:\/\/linitiative.ca\/International\/wp-json\/wp\/v2\/media?parent=139108"}],"wp:term":[{"taxonomy":"category","embeddable":true,"href":"https:\/\/linitiative.ca\/International\/wp-json\/wp\/v2\/categories?post=139108"},{"taxonomy":"post_tag","embeddable":true,"href":"https:\/\/linitiative.ca\/International\/wp-json\/wp\/v2\/tags?post=139108"}],"curies":[{"name":"wp","href":"https:\/\/api.w.org\/{rel}","templated":true}]}}