{"id":139110,"date":"2022-01-21T11:59:42","date_gmt":"2022-01-21T16:59:42","guid":{"rendered":"https:\/\/linitiative.ca\/International\/ufc-le-camerounais-francis-ngannou-met-son-titre-de-champion-du-monde-en-jeu-ce-22-janvier\/"},"modified":"2022-01-21T11:59:42","modified_gmt":"2022-01-21T16:59:42","slug":"ufc-le-camerounais-francis-ngannou-met-son-titre-de-champion-du-monde-en-jeu-ce-22-janvier","status":"publish","type":"post","link":"https:\/\/linitiative.ca\/International\/ufc-le-camerounais-francis-ngannou-met-son-titre-de-champion-du-monde-en-jeu-ce-22-janvier\/","title":{"rendered":"UFC : le camerounais Francis Ngannou met son titre de champion du monde en jeu ce 22 janvier"},"content":{"rendered":"<div>\n<p><img decoding=\"async\" width=\"900\" height=\"508\" src=\"https:\/\/linitiative.ca\/International\/wp-content\/uploads\/sites\/23\/2022\/01\/Francis-Ngannou.jpg\" class=\"attachment-post-thumbnail size-post-thumbnail wp-post-image\" alt=\"\" loading=\"lazy\" srcset=\"https:\/\/linitiative.ca\/International\/wp-content\/uploads\/sites\/23\/2022\/01\/Francis-Ngannou.jpg 900w, https:\/\/www.journalducameroun.com\/wp-content\/uploads\/2022\/01\/Francis-Ngannou-300x169.jpg 300w, https:\/\/www.journalducameroun.com\/wp-content\/uploads\/2022\/01\/Francis-Ngannou-768x433.jpg 768w, https:\/\/www.journalducameroun.com\/wp-content\/uploads\/2022\/01\/Francis-Ngannou-780x440.jpg 780w, https:\/\/www.journalducameroun.com\/wp-content\/uploads\/2022\/01\/Francis-Ngannou-380x215.jpg 380w, https:\/\/www.journalducameroun.com\/wp-content\/uploads\/2022\/01\/Francis-Ngannou-160x90.jpg 160w, https:\/\/www.journalducameroun.com\/wp-content\/uploads\/2022\/01\/Francis-Ngannou-240x135.jpg 240w, https:\/\/www.journalducameroun.com\/wp-content\/uploads\/2022\/01\/Francis-Ngannou-600x339.jpg 600w\" sizes=\"auto, (max-width: 900px) 100vw, 900px\"><\/p>\n<h2>Le 28 mars 2021, Francis Ngannou a r\u00e9alis\u00e9 l\u2019un de ses r\u00eaves en devenant champion du monde poids lourds de l\u2019UFC. Et depuis, il est sur le tr\u00f4ne et gagne tous ses combats. Mais dans la nuit du 22 au 23 janvier 2022, il devra encore prouver sa supr\u00e9matie face \u00e0 un nouvel adversaire qui veut arracher sa ceinture.<\/h2>\n<p>Le titre de champion du monde sera remis en jeu lors d\u2019un combat face \u00e0 l\u2019athl\u00e8te <strong>Ciryl Gane<\/strong>. Le Fran\u00e7ais \u00e2g\u00e9 de 31 ans qui a rejoint la cat\u00e9gorie poids lourds de l\u2019UFC en 2018, a un palmar\u00e8s de 10 combats et aucune d\u00e9faite. Il est \u00e9galement champion des poids lourds du TKO MMA (2018-2019). Tandis que notre champion national cumule 19 combats et trois d\u00e9faites.<\/p>\n<p>La presse \u00e9trang\u00e8re annonce ce combat comme un choc des titans. Selon plusieurs sources, <strong>Francis Ngannou<\/strong> poss\u00e8de une puissance certaine, mais son adversaire \u00e0 en plus beaucoup d\u2019agilit\u00e9, de la s\u00e9r\u00e9nit\u00e9 et une confiance en ses capacit\u00e9s. Dans une interview accord\u00e9e \u00e0 RFI, Ngannou a lui-m\u00eame a d\u00e9clar\u00e9\u00a0: \u00ab\u00a0<em>Ciryl a des qualit\u00e9s peu fr\u00e9quentes chez les poids lourds\u00a0: l\u2019agilit\u00e9 et la vitesse<\/em>.\u00a0<em>La tension commence \u00e0 monter. Mais dans l\u2019ensemble je suis plut\u00f4t dans un bon \u00e9tat d\u2019esprit<\/em>\u00a0\u00bb. \u00ab\u00a0<strong><em>The predator<\/em><\/strong> \u00bb a aussi donn\u00e9 son pronostic et est confiant pour conserver son titre: \u00ab\u00a0<em>Comme toujours, \u00e7a va s\u2019arr\u00eater sur deux rounds avec un K.O. \u00c7a a toujours \u00e9t\u00e9 mon pronostic. Le premier round, j\u2019essaie de chercher. Et si l\u2019opportunit\u00e9 ne se pr\u00e9sente pas, j\u2019engage au deuxi\u00e8me round avec davantage de pression<\/em>\u00a0\u00bb a-t-il ajout\u00e9 lors de cette interview.<\/p>\n<p>Les deux combattants se connaissent bien pour s\u2019\u00eatre entrain\u00e9s ensemble. C\u2019est d\u2019ailleurs l\u2019ancien entraineur de Francis Ngannou qui s\u2019occupe de Gane en ce moment. <strong>Fernand Lopez<\/strong> avait descendu son ancien poulain Ngannou dans une interview, expliquant que Francis rabaissait beaucoup Cyril \u00e0 l\u2019\u00e9poque, se disant que ce dernier n\u2019aurait jamais le niveau pour l\u2019atteindre. Ce combat sera donc comme un affrontement aussi entre Ngannou et son ancien coach sportif.<\/p>\n<p>Rendez-vous ce <strong>22 janvier \u00e0 partir de 02h30 du matin<\/strong> (heure du Cameroun) pour savoir qui remportera le titre de \u00ab\u00a0l\u2019homme le plus dangereux de la plan\u00e8te\u00a0\u00bb.<\/p>\n<p>Cet article <a rel=\"nofollow\" href=\"https:\/\/www.journalducameroun.com\/ufc-le-camerounais-francis-nganou-met-son-titre-de-champion-du-monde-eu-jeu-ce-22-janvier\/\">UFC : le camerounais Francis Ngannou met son titre de champion du monde en jeu ce 22 janvier<\/a> est apparu en premier sur <a rel=\"nofollow\" href=\"https:\/\/www.journalducameroun.com\/\">Journal du Cameroun<\/a>.<\/p>\n<\/div>\n<p>Auteur: Emile Zola Nd\u00e9 Tchoussi<br \/>\n<a href=\"https:\/\/www.journalducameroun.com\/ufc-le-camerounais-francis-nganou-met-son-titre-de-champion-du-monde-eu-jeu-ce-22-janvier\/\">Cliquez ici pour lire l&rsquo;article depuis sa source.<\/a><\/p>\n","protected":false},"excerpt":{"rendered":"<p>Le 28 mars 2021, Francis Ngannou a r\u00e9alis\u00e9 l\u2019un de ses r\u00eaves en devenant champion du monde poids lourds de l\u2019UFC. Et depuis, il est sur le tr\u00f4ne et gagne tous ses combats. Mais dans la nuit du 22 au 23 janvier 2022, il devra encore prouver sa supr\u00e9matie face \u00e0 un nouvel adversaire qui [&hellip;]<\/p>\n","protected":false},"author":1965,"featured_media":0,"comment_status":"closed","ping_status":"closed","sticky":false,"template":"","format":"standard","meta":{"fifu_image_url":"https:\/\/www.journalducameroun.com\/wp-content\/uploads\/2022\/01\/Francis-Ngannou.jpg","fifu_image_alt":"UFC : le camerounais Francis Ngannou met son titre de champion du monde en jeu ce 22 janvier","footnotes":""},"categories":[73,82],"tags":[],"class_list":["post-139110","post","type-post","status-publish","format-standard","hentry","category-actualite","category-cameroun"],"_links":{"self":[{"href":"https:\/\/linitiative.ca\/International\/wp-json\/wp\/v2\/posts\/139110","targetHints":{"allow":["GET"]}}],"collection":[{"href":"https:\/\/linitiative.ca\/International\/wp-json\/wp\/v2\/posts"}],"about":[{"href":"https:\/\/linitiative.ca\/International\/wp-json\/wp\/v2\/types\/post"}],"author":[{"embeddable":true,"href":"https:\/\/linitiative.ca\/International\/wp-json\/wp\/v2\/users\/1965"}],"replies":[{"embeddable":true,"href":"https:\/\/linitiative.ca\/International\/wp-json\/wp\/v2\/comments?post=139110"}],"version-history":[{"count":0,"href":"https:\/\/linitiative.ca\/International\/wp-json\/wp\/v2\/posts\/139110\/revisions"}],"wp:attachment":[{"href":"https:\/\/linitiative.ca\/International\/wp-json\/wp\/v2\/media?parent=139110"}],"wp:term":[{"taxonomy":"category","embeddable":true,"href":"https:\/\/linitiative.ca\/International\/wp-json\/wp\/v2\/categories?post=139110"},{"taxonomy":"post_tag","embeddable":true,"href":"https:\/\/linitiative.ca\/International\/wp-json\/wp\/v2\/tags?post=139110"}],"curies":[{"name":"wp","href":"https:\/\/api.w.org\/{rel}","templated":true}]}}