{"id":139112,"date":"2022-01-21T13:18:03","date_gmt":"2022-01-21T18:18:03","guid":{"rendered":"https:\/\/linitiative.ca\/International\/cameroun-lonu-cherche-des-fonds-pour-les-victimes-du-conflit\/"},"modified":"2022-01-21T13:18:03","modified_gmt":"2022-01-21T18:18:03","slug":"cameroun-lonu-cherche-des-fonds-pour-les-victimes-du-conflit","status":"publish","type":"post","link":"https:\/\/linitiative.ca\/International\/cameroun-lonu-cherche-des-fonds-pour-les-victimes-du-conflit\/","title":{"rendered":"Cameroun: l\u2019Onu cherche des fonds pour les victimes du conflit"},"content":{"rendered":"<div>\n<p><img decoding=\"async\" width=\"225\" height=\"225\" src=\"https:\/\/linitiative.ca\/International\/wp-content\/uploads\/sites\/23\/2022\/01\/16427890838974.jpg\" class=\"attachment-post-thumbnail size-post-thumbnail wp-post-image\" alt=\"\" loading=\"lazy\" srcset=\"https:\/\/linitiative.ca\/International\/wp-content\/uploads\/sites\/23\/2022\/01\/16427890838974.jpg 225w, https:\/\/www.journalducameroun.com\/wp-content\/uploads\/2022\/01\/16427890838974-150x150.jpg 150w, https:\/\/www.journalducameroun.com\/wp-content\/uploads\/2022\/01\/16427890838974-60x60.jpg 60w, https:\/\/www.journalducameroun.com\/wp-content\/uploads\/2022\/01\/16427890838974-100x100.jpg 100w\" sizes=\"auto, (max-width: 225px) 100vw, 225px\"><\/p>\n<p>Le Haut-Commissariat des Nations Unies pour les r\u00e9fugi\u00e9s (HCR), a lanc\u00e9 ce vendredi un appel de fonds suppl\u00e9mentaire de 59,6 millions de dollars pour apporter un soutien d&rsquo;urgence \u00e0 100.000 r\u00e9fugi\u00e9s, d\u00e9plac\u00e9s internes et membres des communaut\u00e9s d&rsquo;accueil au Tchad et au Cameroun.Les violences intercommunautaires dans la r\u00e9gion de l&rsquo;Extr\u00eame-Nord du Cameroun plongent des milliers de gens dans le besoin. Ces fonds devraient ainsi permettre au HCR et \u00e0 ses partenaires d&rsquo;assister les personnes d\u00e9plac\u00e9es suite aux violences et leur fournir protection et assistance pour les six prochains mois au moins.<\/p>\n<p>Selon le HCR, les violences ont \u00e9clat\u00e9 le 5 d\u00e9cembre 2021 dans le village frontalier d&rsquo;Ouloumsa, dans la r\u00e9gion de l&rsquo;Extr\u00eame-Nord du Cameroun, \u00e0 la suite d&rsquo;un diff\u00e9rend entre \u00e9leveurs, p\u00eacheurs et agriculteurs au sujet des ressources en eau qui s&rsquo;amenuisent en raison du changement climatique. La violence s&rsquo;est ensuite \u00e9tendue aux villages voisins, faisant 44 morts, plus de 100 bless\u00e9s et 112 villages incendi\u00e9s.<\/p>\n<p>En l&rsquo;espace de deux semaines, soutient l&rsquo;organisme onusien, des dizaines de milliers de personnes ont fui vers le Tchad voisin ou ont \u00e9t\u00e9 d\u00e9plac\u00e9es \u00e0 l&rsquo;int\u00e9rieur du Cameroun. Les affrontements de d\u00e9cembre ont fait suite \u00e0 des violences similaires en ao\u00fbt 2021 qui ont provoqu\u00e9 le d\u00e9placement de quelque 23 000 personnes dans les deux pays.<\/p>\n<p>Pour le HCR, la protection des enfants, la pr\u00e9vention et la r\u00e9ponse \u00e0 la violence sexuelle et sexiste, les besoins en termes de documentation et la question de l&rsquo;\u00e9ducation sont \u00e9galement des priorit\u00e9s. Il estime que pr\u00e8s de 9 r\u00e9fugi\u00e9s camerounais sur 10 au Tchad sont des femmes et des enfants.<\/p>\n<p>Le HCR dit continuer \u00e0 collaborer avec les autorit\u00e9s pour concr\u00e9tiser les efforts de paix et de r\u00e9conciliation dans la r\u00e9gion de l&rsquo;Extr\u00eame-Nord. Cependant, soutient-il, une action urgente est n\u00e9cessaire pour s&rsquo;attaquer aux causes profondes du conflit.<\/p>\n<p>Avec des ressources suppl\u00e9mentaires, le HCR pourra \u00e9galement \u00e9tendre ses activit\u00e9s d&rsquo;enregistrement, de profilage et de suivi des questions de protection au Cameroun et au Tchad, afin de mieux \u00e9valuer les besoins des personnes affect\u00e9es par la crise.<\/p>\n<p>D&rsquo;apr\u00e8s le Haut-Commissariat pour les r\u00e9fugi\u00e9s, les fonds disponibles pour soutenir les personnes d\u00e9plac\u00e9es au Tchad et au Cameroun sont insuffisants et soumis \u00e0 une forte pression en raison de l&rsquo;augmentation rapide des besoins.<\/p>\n<p>\u00ab Nous lan\u00e7ons un appel urgent \u00e0 la communaut\u00e9 internationale pour mobiliser les ressources qui permettront au HCR et \u00e0 ses partenaires de r\u00e9pondre efficacement aux besoins des personnes affect\u00e9es et de sauver des vies \u00bb, lit-on dans un communiqu\u00e9 diffus\u00e9 ce vendredi.<\/p>\n<p>Cet article <a rel=\"nofollow\" href=\"https:\/\/www.journalducameroun.com\/cameroun-lonu-cherche-des-fonds-pour-les-victimes-du-conflit\/\">Cameroun: l\u2019Onu cherche des fonds pour les victimes du conflit<\/a> est apparu en premier sur <a rel=\"nofollow\" href=\"https:\/\/www.journalducameroun.com\/\">Journal du Cameroun<\/a>.<\/p>\n<\/div>\n<p>Auteur: APA News<br \/>\n<a href=\"https:\/\/www.journalducameroun.com\/cameroun-lonu-cherche-des-fonds-pour-les-victimes-du-conflit\/\">Cliquez ici pour lire l&rsquo;article depuis sa source.<\/a><\/p>\n","protected":false},"excerpt":{"rendered":"<p>Le Haut-Commissariat des Nations Unies pour les r\u00e9fugi\u00e9s (HCR), a lanc\u00e9 ce vendredi un appel de fonds suppl\u00e9mentaire de 59,6 millions de dollars pour apporter un soutien d&rsquo;urgence \u00e0 100.000 r\u00e9fugi\u00e9s, d\u00e9plac\u00e9s internes et membres des communaut\u00e9s d&rsquo;accueil au Tchad et au Cameroun.Les violences intercommunautaires dans la r\u00e9gion de l&rsquo;Extr\u00eame-Nord du Cameroun plongent des milliers [&hellip;]<\/p>\n","protected":false},"author":1965,"featured_media":0,"comment_status":"closed","ping_status":"closed","sticky":false,"template":"","format":"standard","meta":{"fifu_image_url":"https:\/\/www.journalducameroun.com\/wp-content\/uploads\/2022\/01\/16427890838974.jpg","fifu_image_alt":"Cameroun: l\u2019Onu cherche des fonds pour les victimes du conflit","footnotes":""},"categories":[73,82],"tags":[],"class_list":["post-139112","post","type-post","status-publish","format-standard","hentry","category-actualite","category-cameroun"],"_links":{"self":[{"href":"https:\/\/linitiative.ca\/International\/wp-json\/wp\/v2\/posts\/139112","targetHints":{"allow":["GET"]}}],"collection":[{"href":"https:\/\/linitiative.ca\/International\/wp-json\/wp\/v2\/posts"}],"about":[{"href":"https:\/\/linitiative.ca\/International\/wp-json\/wp\/v2\/types\/post"}],"author":[{"embeddable":true,"href":"https:\/\/linitiative.ca\/International\/wp-json\/wp\/v2\/users\/1965"}],"replies":[{"embeddable":true,"href":"https:\/\/linitiative.ca\/International\/wp-json\/wp\/v2\/comments?post=139112"}],"version-history":[{"count":0,"href":"https:\/\/linitiative.ca\/International\/wp-json\/wp\/v2\/posts\/139112\/revisions"}],"wp:attachment":[{"href":"https:\/\/linitiative.ca\/International\/wp-json\/wp\/v2\/media?parent=139112"}],"wp:term":[{"taxonomy":"category","embeddable":true,"href":"https:\/\/linitiative.ca\/International\/wp-json\/wp\/v2\/categories?post=139112"},{"taxonomy":"post_tag","embeddable":true,"href":"https:\/\/linitiative.ca\/International\/wp-json\/wp\/v2\/tags?post=139112"}],"curies":[{"name":"wp","href":"https:\/\/api.w.org\/{rel}","templated":true}]}}