{"id":139114,"date":"2022-01-21T17:18:03","date_gmt":"2022-01-21T22:18:03","guid":{"rendered":"https:\/\/linitiative.ca\/International\/quotidiens-ivoiriens-chute-du-chiffre-daffaire-de-6-a-moins-de-2-milliards-fcfa\/"},"modified":"2022-01-21T17:18:03","modified_gmt":"2022-01-21T22:18:03","slug":"quotidiens-ivoiriens-chute-du-chiffre-daffaire-de-6-a-moins-de-2-milliards-fcfa","status":"publish","type":"post","link":"https:\/\/linitiative.ca\/International\/quotidiens-ivoiriens-chute-du-chiffre-daffaire-de-6-a-moins-de-2-milliards-fcfa\/","title":{"rendered":"Quotidiens ivoiriens: chute du chiffre d\u2019affaire de 6 \u00e0 moins de 2 milliards Fcfa"},"content":{"rendered":"<div>\n<p><img decoding=\"async\" width=\"800\" height=\"533\" src=\"https:\/\/linitiative.ca\/International\/wp-content\/uploads\/sites\/23\/2022\/01\/16428034831937.jpg\" class=\"attachment-post-thumbnail size-post-thumbnail wp-post-image\" alt=\"\" loading=\"lazy\" srcset=\"https:\/\/linitiative.ca\/International\/wp-content\/uploads\/sites\/23\/2022\/01\/16428034831937.jpg 800w, https:\/\/www.journalducameroun.com\/wp-content\/uploads\/2022\/01\/16428034831937-300x200.jpg 300w, https:\/\/www.journalducameroun.com\/wp-content\/uploads\/2022\/01\/16428034831937-768x512.jpg 768w, https:\/\/www.journalducameroun.com\/wp-content\/uploads\/2022\/01\/16428034831937-660x440.jpg 660w, https:\/\/www.journalducameroun.com\/wp-content\/uploads\/2022\/01\/16428034831937-600x400.jpg 600w\" sizes=\"auto, (max-width: 800px) 100vw, 800px\"><\/p>\n<p>Le chiffre d&rsquo;affaires cumul\u00e9 de la presse quotidienne, en C\u00f4te d&rsquo;Ivoire, est pass\u00e9 de 2011 \u00e0 2021, en dix ans, de 6 milliards Fcfa \u00e0 moins de 2 milliards de Fcfa, soit une chute de 70%.<\/p>\n<p>Ces donn\u00e9es ont \u00e9t\u00e9 indiqu\u00e9es, vendredi, par M. Samba Kon\u00e9, le pr\u00e9sident de l&rsquo;Autorit\u00e9 nationale de la presse (ANP), l&rsquo;organe de r\u00e9gulation de la presse \u00e9crite et num\u00e9rique ivoirienne, lors de la 4e session de \u00ab\u00a0ANP Academy\u00a0\u00bb.<\/p>\n<p>\u00ab\u00a0Le chiffre d&rsquo;affaires de la presse quotidienne est pass\u00e9 en une dizaine d&rsquo;ann\u00e9es de 6 milliards Fcfa \u00e0 moins de 2 milliards Fcfa, (ainsi) de 2011 \u00e0 2021, la chute enregistr\u00e9e est de 70%\u00a0\u00bb, a pr\u00e9cis\u00e9 M. Samba Kon\u00e9 \u00e0 l&rsquo;ouverture de cette session, qui est la premi\u00e8re de l&rsquo;ann\u00e9e 2022. \u00a0<\/p>\n<p>Pour preuve, fera-t-il observer que, les 20 quotidiens pr\u00e9sents dans les kiosques sur le march\u00e9 en C\u00f4te d&rsquo;Ivoire font une \u00ab\u00a0vente cumul\u00e9e quotidienne d&rsquo;\u00e0 peine 15.000 exemplaires face \u00e0 de maigres ressources\u00a0\u00bb. \u00a0<\/p>\n<p>Selon M. Samba Kon\u00e9, \u00ab\u00a0il convient de noter que la mise sur le march\u00e9 d&rsquo;un journal quotidien n\u00e9cessite une charge mensuelle de l&rsquo;ordre de 15 millions de Fcfa soit environ un investissement de 200 millions de Fcfa par an\u00a0\u00bb. Par cons\u00e9quent, il faut \u00eatre professionnel sur toute la ligne.\u00a0<\/p>\n<p>A l&rsquo;\u00e9vidence, les causes de la crise que traverse la presse ivoirienne sont multifactorielles, a relev\u00e9 M. Samba Kon\u00e9 pour qui \u00ab\u00a0chaque facteur m\u00e9rite une attention toute particuli\u00e8re en vue de trouver des solutions p\u00e9rennes\u00a0\u00bb. \u00a0 \u00a0\u00a0<\/p>\n<p>L&rsquo;ANP, dira-t-il, pense qu'\u00a0\u00bbil est imp\u00e9ratif de rechercher une partie des causes dans la qualit\u00e9 de certains contenus mis \u00e0 la disposition du public\u00a0\u00bb, tout en d\u00e9non\u00e7ant ces contenus qui dans bien de cas rel\u00e8vent davantage de la communication politique, plus que du journalisme.\u00a0<\/p>\n<p>Pour cette premi\u00e8re session de ANP Academy 2022, le r\u00e9gulateur entend s&rsquo;int\u00e9resser aux contenus des journaux. Selon M. Samba Kon\u00e9, \u00ab\u00a0c&rsquo;est la qualit\u00e9 du produit, en l&rsquo;occurrence le contenu, qui peut susciter l&rsquo;achat d&rsquo;un journal et la fid\u00e9lisation d&rsquo;un lecteur\u00a0\u00bb. \u00a0 \u00a0<\/p>\n<p>Au cours d&rsquo;un panel autour du th\u00e8me \u00ab\u00a0Journalisme: entre militantisme et professionnalisme\u00a0\u00bb, il a \u00e9t\u00e9 soulev\u00e9 la question de savoir si un journaliste militant peut revendiquer \u00eatre un journaliste professionnel attest\u00e9 par la pratique quotidienne.<\/p>\n<p>Trois personnalit\u00e9s ont anim\u00e9 ce panel. Dr Sidiki Bamba, enseignant-chercheur, et deux journalistes s\u00e9niors, Charles Sanga d&rsquo;un journal pro-Rhdp Le Patriote et C\u00e9sar Etou, un militant de l&rsquo;opposition dont le quotidien La Voix Originale est proche du parti de Laurent Gbagbo.\u00a0<\/p>\n<p>Militant du Rhdp, le directeur de publication de Le Patriote, Charles Sanga, dit militer pour une cause id\u00e9ologique, mais n&rsquo;a \u00ab\u00a0aucun lien administratif et juridique\u00a0\u00bb avec le parti au pouvoir. En outre, le fondateur de Le Patriote n&rsquo;a jamais donn\u00e9 d&rsquo;orientation sur la Une ou un papier.<\/p>\n<p>\u00ab\u00a0Le probl\u00e8me \u00e0 mon avis se pose au niveau du respect du Code de d\u00e9ontologie\u00a0\u00bb, a-t-il estim\u00e9, indexant l&rsquo;\u00e9quilibre de l&rsquo;information qui est pour la plupart du temps \u00ab\u00a0reproch\u00e9 le plus\u00a0\u00bb au quotidien Le Patriote, selon les statistiques.\u00a0<\/p>\n<p>M. Charles Sanga a ensuite soutenu qu'\u00a0\u00bbon peut \u00eatre un militant et pratiquer de mani\u00e8re professionnelle le journalisme\u00a0\u00bb, tout en \u00e9voquant \u00ab\u00a0la responsabilit\u00e9\u00a0\u00bb du journaliste dans le traitement de l&rsquo;information.\u00a0<\/p>\n<p>\u00c9galement militant, C\u00e9sar Etou, qui dirige le journal La voie originale, a cit\u00e9 des journalistes militants, \u00e9m\u00e9rites, tels que Laurent Dona Fologo ou Jean-Pierre Ay\u00e9, qui en d\u00e9pit de leur attachement \u00e0 des formations politiques ont fait montre de professionnalisme.\u00a0<\/p>\n<p>Il a d&rsquo;ailleurs fait observer que \u00ab\u00a0l&rsquo;ind\u00e9pendance est enferm\u00e9e dans la ligne \u00e9ditoriale, mais il faut rester professionnel\u00a0\u00bb. M. Etou, prix Ebony du meilleur journaliste ivoirien en 1996, soutient qu'\u00a0\u00bbun militant politique peut \u00eatre un bon journaliste s&rsquo;il respecte les r\u00e8gles de d\u00e9ontologie\u00a0\u00bb.<\/p>\n<p>Dr Sidiki Bamba a fustig\u00e9 le fait que les journalistes militants \u00ab\u00a0se laissent dicter des papiers\u00a0\u00bb. De ce fait, les quotidiens qui font la propagande des partis devraient \u00eatre appel\u00e9s des \u00ab\u00a0journaux de partis\u00a0\u00bb, car le principe qui gouverne tout m\u00e9tier est le respect de la d\u00e9ontologie. \u00a0 \u00a0\u00a0<\/p>\n<p>\u00ab\u00a0Il est difficile d&rsquo;\u00eatre journaliste militant et \u00eatre professionnel\u00a0\u00bb, a-t-il dit, ajoutant que le journaliste militant tiendra le parti quoi qu&rsquo;il fasse et va dans le sens en faveur du parti, et le journaliste ne peut faire autrement.\u00a0<\/p>\n<p>\u00ab\u00a0Nullement, si on prend toutes les \u00e9ditions de La voie originale, du Patriote, on ne trouvera un article de part et d&rsquo;autre, dans La Voie originale encensant M. Ouattara ou dans Le Patriote, encensant M. Gbagbo (&#8230;). Il faut dire que vous \u00eates des journaux de parti\u00a0\u00bb, a-t-il relev\u00e9.<\/p>\n<p>Le pr\u00e9sident de l&rsquo;Observatoire de la libert\u00e9 de la presse, de l&rsquo;\u00e9thique et de la d\u00e9ontologie (OLPED), Zio Moussa, a pour sa part soulign\u00e9 les titres de gloire, attirant l&rsquo;attention des m\u00e9dias afin de ne pas servir d&rsquo;instruments pour des conflits.<\/p>\n<p>M. Denis Kah Zion, maire de Toulepleu et patron de Le Nouveau R\u00e9veil, journal proche du Pdci (opposition), a port\u00e9 les regards sur les enjeux \u00e9conomiques, invitant l&rsquo;Etat \u00e0 soutenir le secteur pour une presse viable. \u00a0 \u00a0 \u00a0<\/p>\n<p>Aujourd&rsquo;hui, la presse conna\u00eet une crise sans pr\u00e9c\u00e9dent. Les \u00e9diteurs et les distributeurs se rejettent la responsabilit\u00e9 de la m\u00e9vente des journaux. Mais, le constat est que beaucoup de lecteurs ont tourn\u00e9 le dos au journal imprim\u00e9, d&rsquo;o\u00f9 l&rsquo;imp\u00e9ratif pour le secteur de se r\u00e9inventer.\u00a0<\/p>\n<p>Cet article <a rel=\"nofollow\" href=\"https:\/\/www.journalducameroun.com\/quotidiens-ivoiriens-chute-du-chiffre-daffaire-de-6-a-moins-de-2-milliards-fcfa\/\">Quotidiens ivoiriens: chute du chiffre d\u2019affaire de 6 \u00e0 moins de 2 milliards Fcfa<\/a> est apparu en premier sur <a rel=\"nofollow\" href=\"https:\/\/www.journalducameroun.com\/\">Journal du Cameroun<\/a>.<\/p>\n<\/div>\n<p>Auteur: APA News<br \/>\n<a href=\"https:\/\/www.journalducameroun.com\/quotidiens-ivoiriens-chute-du-chiffre-daffaire-de-6-a-moins-de-2-milliards-fcfa\/\">Cliquez ici pour lire l&rsquo;article depuis sa source.<\/a><\/p>\n","protected":false},"excerpt":{"rendered":"<p>Le chiffre d&rsquo;affaires cumul\u00e9 de la presse quotidienne, en C\u00f4te d&rsquo;Ivoire, est pass\u00e9 de 2011 \u00e0 2021, en dix ans, de 6 milliards Fcfa \u00e0 moins de 2 milliards de Fcfa, soit une chute de 70%. Ces donn\u00e9es ont \u00e9t\u00e9 indiqu\u00e9es, vendredi, par M. Samba Kon\u00e9, le pr\u00e9sident de l&rsquo;Autorit\u00e9 nationale de la presse (ANP), [&hellip;]<\/p>\n","protected":false},"author":1965,"featured_media":0,"comment_status":"closed","ping_status":"closed","sticky":false,"template":"","format":"standard","meta":{"fifu_image_url":"https:\/\/www.journalducameroun.com\/wp-content\/uploads\/2022\/01\/16428034831937.jpg","fifu_image_alt":"Quotidiens ivoiriens: chute du chiffre d\u2019affaire de 6 \u00e0 moins de 2 milliards Fcfa","footnotes":""},"categories":[73,82],"tags":[],"class_list":["post-139114","post","type-post","status-publish","format-standard","hentry","category-actualite","category-cameroun"],"_links":{"self":[{"href":"https:\/\/linitiative.ca\/International\/wp-json\/wp\/v2\/posts\/139114","targetHints":{"allow":["GET"]}}],"collection":[{"href":"https:\/\/linitiative.ca\/International\/wp-json\/wp\/v2\/posts"}],"about":[{"href":"https:\/\/linitiative.ca\/International\/wp-json\/wp\/v2\/types\/post"}],"author":[{"embeddable":true,"href":"https:\/\/linitiative.ca\/International\/wp-json\/wp\/v2\/users\/1965"}],"replies":[{"embeddable":true,"href":"https:\/\/linitiative.ca\/International\/wp-json\/wp\/v2\/comments?post=139114"}],"version-history":[{"count":0,"href":"https:\/\/linitiative.ca\/International\/wp-json\/wp\/v2\/posts\/139114\/revisions"}],"wp:attachment":[{"href":"https:\/\/linitiative.ca\/International\/wp-json\/wp\/v2\/media?parent=139114"}],"wp:term":[{"taxonomy":"category","embeddable":true,"href":"https:\/\/linitiative.ca\/International\/wp-json\/wp\/v2\/categories?post=139114"},{"taxonomy":"post_tag","embeddable":true,"href":"https:\/\/linitiative.ca\/International\/wp-json\/wp\/v2\/tags?post=139114"}],"curies":[{"name":"wp","href":"https:\/\/api.w.org\/{rel}","templated":true}]}}