{"id":139123,"date":"2022-01-22T07:33:44","date_gmt":"2022-01-22T12:33:44","guid":{"rendered":"https:\/\/linitiative.ca\/International\/casablanca-la-mise-en-oeuvre-de-la-strategie-nationale-de-la-jeunesse-en-debat\/"},"modified":"2022-01-22T07:33:44","modified_gmt":"2022-01-22T12:33:44","slug":"casablanca-la-mise-en-oeuvre-de-la-strategie-nationale-de-la-jeunesse-en-debat","status":"publish","type":"post","link":"https:\/\/linitiative.ca\/International\/casablanca-la-mise-en-oeuvre-de-la-strategie-nationale-de-la-jeunesse-en-debat\/","title":{"rendered":"Casablanca: La mise en oeuvre de la strat\u00e9gie nationale de la jeunesse en d\u00e9bat"},"content":{"rendered":"<div>\n<p><img loading=\"lazy\" decoding=\"async\" width=\"300\" height=\"153\" src=\"https:\/\/linitiative.ca\/International\/wp-content\/uploads\/sites\/23\/2022\/01\/Casablanca-La-mise-en-oeuvre-de-la-strategie-nationale-de-la-jeunesse-en-debat-300x153-1.jpg\" class=\"attachment-medium size-medium wp-post-image\" alt=\"\" srcset=\"https:\/\/linitiative.ca\/International\/wp-content\/uploads\/sites\/23\/2022\/01\/Casablanca-La-mise-en-oeuvre-de-la-strategie-nationale-de-la-jeunesse-en-debat-300x153-1.jpg 300w, https:\/\/aujourdhui.ma\/wp-content\/uploads\/2022\/01\/Casablanca-La-mise-en-oeuvre-de-la-strategie-nationale-de-la-jeunesse-en-debat-274x140.jpg 274w, https:\/\/aujourdhui.ma\/wp-content\/uploads\/2022\/01\/Casablanca-La-mise-en-oeuvre-de-la-strategie-nationale-de-la-jeunesse-en-debat.jpg 746w, https:\/\/aujourdhui.ma\/wp-content\/uploads\/2022\/01\/Casablanca-La-mise-en-oeuvre-de-la-strategie-nationale-de-la-jeunesse-en-debat-165x84.jpg 165w, https:\/\/aujourdhui.ma\/wp-content\/uploads\/2022\/01\/Casablanca-La-mise-en-oeuvre-de-la-strategie-nationale-de-la-jeunesse-en-debat-702x358.jpg 702w\" sizes=\"auto, (max-width: 300px) 100vw, 300px\"><\/p>\n<p><span style=\"color: #800000;\"><strong>Des repr\u00e9sentants de la soci\u00e9t\u00e9 civile ont soulign\u00e9, vendredi \u00e0 Casablanca, la n\u00e9cessit\u00e9 d\u2019oeuvrer \u00e0 la mise en \u0153uvre de la strat\u00e9gie nationale int\u00e9gr\u00e9e de la jeunesse (SNIJ) 2015-2030 d\u2019une fa\u00e7on plus efficace, et ce dans le cadre d\u2019une approche participative qui associe le minist\u00e8re de tutelle et la soci\u00e9t\u00e9 civile.<\/strong><\/span><span id=\"more-398023\"><\/span><\/p>\n<p>\u00a0<\/p>\n<p>Intervenant lors d\u2019une conf\u00e9rence nationale organis\u00e9e par l\u2019Observatoire marocain de lutte contre le terrorisme et l\u2019extr\u00e9misme, en partenariat avec l\u2019arrondissement Al Fidaa, sous le th\u00e8me \u00ab\u00a0Questions de l\u2019enfance et de la jeunesse, la Strat\u00e9gie du minist\u00e8re de tutelle et les attentes de la soci\u00e9t\u00e9 civile\u00a0\u00bb, les repr\u00e9sentants de la soci\u00e9t\u00e9 civile ont remarqu\u00e9 que cette strat\u00e9gie fait face \u00e0 de nombreuses contraintes et d\u00e9fis entravant sa mise en oeuvre sur le terrain.<\/p>\n<p>\u00a0<\/p>\n<p>Ils ont relev\u00e9 que l\u2019\u00e9valuation des indicateurs de r\u00e9alisation des r\u00e9sultats des objectifs de la SNIJ, six ans apr\u00e8s son lancement, a d\u00e9montr\u00e9 une disparit\u00e9 entre les r\u00e9alisations r\u00e9elles et les objectifs \u00e9tablis lors de cette phase initiale, notant que cette disparit\u00e9 est principalement due \u00e0 une implication insuffisante de la soci\u00e9t\u00e9 civile dans le processus de mise en \u0153uvre de cette strat\u00e9gie.<\/p>\n<p>\u00a0<\/p>\n<p>Ces acteurs de la soci\u00e9t\u00e9 civile, relevant de la Coalition marocaine des conseils des Maisons des jeunes, de la F\u00e9d\u00e9ration nationale des colonies de vacance et de l\u2019Organisation Alternatives pour l\u2019Enfance et la Jeunesse, ont soulign\u00e9 la n\u00e9cessit\u00e9 de placer la question de l\u2019enfance et de la jeunesse au coeur des priorit\u00e9s nationales, \u00e9tant donn\u00e9 que ces cat\u00e9gories repr\u00e9sentent plus d\u2019un tiers de la population, notant que la pand\u00e9mie du coronavirus a r\u00e9v\u00e9l\u00e9 l\u2019ampleur du d\u00e9ficit et de la crise structurelle dans l\u2019\u00e9ducation, la formation et le divertissement pour les enfants et les jeunes.<\/p>\n<p>\u00a0<\/p>\n<p>Cette rencontre a permis de faire la lumi\u00e8re sur le r\u00f4le des maisons de jeunes dans le d\u00e9veloppement des capacit\u00e9s et des talents et l\u2019inculcation des valeurs de la citoyennet\u00e9 chez les enfants et les jeunes, mais \u00e9galement sur les contraintes et les difficult\u00e9s rencontr\u00e9es actuellement par ces institutions.<\/p>\n<p>\u00a0<\/p>\n<p>Ces difficult\u00e9s concernent, entre autres, le nombre insuffisant des maisons de jeunes au niveau r\u00e9gional ou national, et les probl\u00e8mes li\u00e9s \u00e0 la formation et \u00e0 l\u2019encadrement de l\u2019\u00e9l\u00e9ment humain, ont-ils pr\u00e9cis\u00e9, appelant le minist\u00e8re de tutelle \u00e0 concevoir une vision claire et de nouveaux programmes \u00e0 m\u00eame d\u2019attirer les jeunes et de \u00ab\u00a0faire sortir les maisons de jeunes de la r\u00e9animation\u00a0\u00bb.<\/p>\n<p>\u00a0<\/p>\n<p>Dans une allocution de circonstance, le Chef de la Division de l\u2019Enfance au minist\u00e8re de la Jeunesse, de la Culture et de la Communication \u2013 D\u00e9partement de la Jeunesse, Mohamed Ait El Haloui, a mis en lumi\u00e8re les efforts et les r\u00e9sultats atteints dans le cadre de la SNIJ, conc\u00e9dant que la r\u00e9alisation de cette strat\u00e9gie a connu quelques blocages au cours des deux derni\u00e8res ann\u00e9es en raison de la pand\u00e9mie Covid-19.<\/p>\n<p>\u00a0<\/p>\n<p>Il a soulign\u00e9 que l\u2019action du minist\u00e8re se focalise actuellement sur la coordination et la compl\u00e9mentarit\u00e9 entre les diff\u00e9rentes parties impliqu\u00e9es dans le domaine de l\u2019enfance et de la jeunesse, que ce soit entre les diff\u00e9rents minist\u00e8res, ou entre les gouvernement et la soci\u00e9t\u00e9 civile.<\/p>\n<p>\u00a0<\/p>\n<p>Une meilleure insertion des jeunes, a estim\u00e9 M. Ait El Haloui, passe in\u00e9vitablement par l\u2019intervention de diff\u00e9rents secteurs (emploi, culture, enseignement\u2026) et la mise en oeuvre d\u2019une politique coh\u00e9rente, globale et int\u00e9gr\u00e9e dans un cadre participatif, entre les diff\u00e9rents intervenants, en particulier les acteurs de la soci\u00e9t\u00e9 civile.<\/p>\n<p>\u00a0<\/p>\n<p>A l\u2019issue de cette conf\u00e9rence, un d\u00e9bat a \u00e9t\u00e9 lanc\u00e9 entre des organisations civiles, des responsables relevant du minist\u00e8re de tutelle, des acteurs et des jeunes sur les m\u00e9canismes permettant de surmonter les entraves de la mise en oeuvre des politiques publiques relatives \u00e0 la jeunesse, et sur les perceptions qui assurent la r\u00e9habilitation des maisons de jeunes, et les m\u00e9canismes de coordination et d\u2019int\u00e9gration entre les parties publiques et la soci\u00e9t\u00e9 civile en vue de parvenir \u00e0 des solutions r\u00e9alistes et efficaces aux questions de la jeunesse et de l\u2019enfance.<\/p>\n<\/div>\n<p>Auteur: ALM<br \/>\n<a href=\"https:\/\/aujourdhui.ma\/actualite\/casablanca-la-mise-en-oeuvre-de-la-strategie-nationale-de-la-jeunesse-en-debat\">Cliquez ici pour lire l&rsquo;article depuis sa source.<\/a><\/p>\n","protected":false},"excerpt":{"rendered":"<p>Des repr\u00e9sentants de la soci\u00e9t\u00e9 civile ont soulign\u00e9, vendredi \u00e0 Casablanca, la n\u00e9cessit\u00e9 d\u2019oeuvrer \u00e0 la mise en \u0153uvre de la strat\u00e9gie nationale int\u00e9gr\u00e9e de la jeunesse (SNIJ) 2015-2030 d\u2019une fa\u00e7on plus efficace, et ce dans le cadre d\u2019une approche participative qui associe le minist\u00e8re de tutelle et la soci\u00e9t\u00e9 civile. \u00a0 Intervenant lors d\u2019une [&hellip;]<\/p>\n","protected":false},"author":1759,"featured_media":0,"comment_status":"closed","ping_status":"closed","sticky":false,"template":"","format":"standard","meta":{"fifu_image_url":"https:\/\/aujourdhui.ma\/wp-content\/uploads\/2022\/01\/Casablanca-La-mise-en-oeuvre-de-la-strategie-nationale-de-la-jeunesse-en-debat-300x153.jpg","fifu_image_alt":"Casablanca: La mise en oeuvre de la strat\u00e9gie nationale de la jeunesse en d\u00e9bat","footnotes":""},"categories":[73,54],"tags":[],"class_list":["post-139123","post","type-post","status-publish","format-standard","hentry","category-actualite","category-maroc"],"_links":{"self":[{"href":"https:\/\/linitiative.ca\/International\/wp-json\/wp\/v2\/posts\/139123","targetHints":{"allow":["GET"]}}],"collection":[{"href":"https:\/\/linitiative.ca\/International\/wp-json\/wp\/v2\/posts"}],"about":[{"href":"https:\/\/linitiative.ca\/International\/wp-json\/wp\/v2\/types\/post"}],"author":[{"embeddable":true,"href":"https:\/\/linitiative.ca\/International\/wp-json\/wp\/v2\/users\/1759"}],"replies":[{"embeddable":true,"href":"https:\/\/linitiative.ca\/International\/wp-json\/wp\/v2\/comments?post=139123"}],"version-history":[{"count":0,"href":"https:\/\/linitiative.ca\/International\/wp-json\/wp\/v2\/posts\/139123\/revisions"}],"wp:attachment":[{"href":"https:\/\/linitiative.ca\/International\/wp-json\/wp\/v2\/media?parent=139123"}],"wp:term":[{"taxonomy":"category","embeddable":true,"href":"https:\/\/linitiative.ca\/International\/wp-json\/wp\/v2\/categories?post=139123"},{"taxonomy":"post_tag","embeddable":true,"href":"https:\/\/linitiative.ca\/International\/wp-json\/wp\/v2\/tags?post=139123"}],"curies":[{"name":"wp","href":"https:\/\/api.w.org\/{rel}","templated":true}]}}