{"id":139135,"date":"2022-01-22T07:25:59","date_gmt":"2022-01-22T12:25:59","guid":{"rendered":"https:\/\/linitiative.ca\/International\/previsions-meteorologiques-pour-le-dimanche-23-janvier-2022\/"},"modified":"2022-01-22T07:25:59","modified_gmt":"2022-01-22T12:25:59","slug":"previsions-meteorologiques-pour-le-dimanche-23-janvier-2022","status":"publish","type":"post","link":"https:\/\/linitiative.ca\/International\/previsions-meteorologiques-pour-le-dimanche-23-janvier-2022\/","title":{"rendered":"Pr\u00e9visions m\u00e9t\u00e9orologiques pour le dimanche 23 janvier 2022"},"content":{"rendered":"<div>\n<div style=\"margin-bottom:20px;\"><img loading=\"lazy\" decoding=\"async\" width=\"750\" height=\"430\" src=\"https:\/\/linitiative.ca\/International\/wp-content\/uploads\/sites\/23\/2022\/01\/soleil-1.jpg\" class=\"attachment-post-thumbnail size-post-thumbnail wp-post-image\" alt=\"\" srcset=\"https:\/\/linitiative.ca\/International\/wp-content\/uploads\/sites\/23\/2022\/01\/soleil-1.jpg 750w, https:\/\/www.mapmarrakech.ma\/map\/uploads\/2022\/01\/soleil-1-300x172.jpg 300w\" sizes=\"auto, (max-width: 750px) 100vw, 750px\"><\/div>\n<p>\u2013 Temps assez froid avec gel\u00e9e locale sur l\u2019Atlas, le Rif, le Sud-Est et l\u2019Oriental.<\/p>\n<p>\u2013 Faibles pluies par endroits sur le Rif, le Saiss, le Moyen Atlas, la M\u00e9diterran\u00e9e, le Tang\u00e9rois, l\u2019Oriental et les c\u00f4tes nord.<\/p>\n<p>\u2013 Quelques flocons de neige sur les sommets des Haut et Moyen Atlas.<\/p>\n<p>\u2013 Chasse-poussi\u00e8res par endroits sur l\u2019int\u00e9rieur des provinces du Sud.<\/p>\n<p>\u2013 Rafales de vent assez fortes sur le Tang\u00e9rois.<\/p>\n<p>\u2013 Temp\u00e9ratures minimales de l\u2019ordre de -04\/03\u00b0C sur l\u2019Atlas, 00\/05\u00b0C sur le Rif, l\u2019Oriental et le Sud-Est, de 05\/12\u00b0C sur les plaines atlantiques nord et centre, de 10\/16\u00b0C sur le nord des provinces du Sud et de 15\/20\u00b0C sur le Souss et le reste du Sud.<\/p>\n<p>\u2013 Temp\u00e9ratures du jour en baisse notamment sur le Centre.<\/p>\n<p>\u2013 Mer peu agit\u00e9e \u00e0 agit\u00e9e sur la M\u00e9diterran\u00e9e, agit\u00e9e sur le D\u00e9troit et entre Tanger et Assilah, peu agit\u00e9e entre Mehdia et El Jorf et entre Essaouira et Boujdour et peu agit\u00e9e \u00e0 agit\u00e9e ailleurs.<\/p>\n<p>The post <a rel=\"nofollow\" href=\"https:\/\/www.mapmarrakech.ma\/fr\/previsions-meteorologiques-pour-le-dimanche-23-janvier-2022\/\">Pr\u00e9visions m\u00e9t\u00e9orologiques pour le dimanche 23 janvier 2022<\/a> appeared first on <a rel=\"nofollow\" href=\"https:\/\/www.mapmarrakech.ma\/fr\">MapMarrakech<\/a>.<\/p>\n<\/div>\n<p>Auteur: Meriem IGASS<br \/>\n<a href=\"https:\/\/www.mapmarrakech.ma\/fr\/previsions-meteorologiques-pour-le-dimanche-23-janvier-2022\/\">Cliquez ici pour lire l&rsquo;article depuis sa source.<\/a><\/p>\n","protected":false},"excerpt":{"rendered":"<p>\u2013 Temps assez froid avec gel\u00e9e locale sur l\u2019Atlas, le Rif, le Sud-Est et l\u2019Oriental. \u2013 Faibles pluies par endroits sur le Rif, le Saiss, le Moyen Atlas, la M\u00e9diterran\u00e9e, le Tang\u00e9rois, l\u2019Oriental et les c\u00f4tes nord. \u2013 Quelques flocons de neige sur les sommets des Haut et Moyen Atlas. \u2013 Chasse-poussi\u00e8res par endroits sur [&hellip;]<\/p>\n","protected":false},"author":1788,"featured_media":0,"comment_status":"closed","ping_status":"closed","sticky":false,"template":"","format":"standard","meta":{"fifu_image_url":"https:\/\/www.mapmarrakech.ma\/map\/uploads\/2022\/01\/soleil-1.jpg","fifu_image_alt":"Pr\u00e9visions m\u00e9t\u00e9orologiques pour le dimanche 23 janvier 2022","footnotes":""},"categories":[54,76],"tags":[],"class_list":["post-139135","post","type-post","status-publish","format-standard","hentry","category-maroc","category-regions"],"_links":{"self":[{"href":"https:\/\/linitiative.ca\/International\/wp-json\/wp\/v2\/posts\/139135","targetHints":{"allow":["GET"]}}],"collection":[{"href":"https:\/\/linitiative.ca\/International\/wp-json\/wp\/v2\/posts"}],"about":[{"href":"https:\/\/linitiative.ca\/International\/wp-json\/wp\/v2\/types\/post"}],"author":[{"embeddable":true,"href":"https:\/\/linitiative.ca\/International\/wp-json\/wp\/v2\/users\/1788"}],"replies":[{"embeddable":true,"href":"https:\/\/linitiative.ca\/International\/wp-json\/wp\/v2\/comments?post=139135"}],"version-history":[{"count":0,"href":"https:\/\/linitiative.ca\/International\/wp-json\/wp\/v2\/posts\/139135\/revisions"}],"wp:attachment":[{"href":"https:\/\/linitiative.ca\/International\/wp-json\/wp\/v2\/media?parent=139135"}],"wp:term":[{"taxonomy":"category","embeddable":true,"href":"https:\/\/linitiative.ca\/International\/wp-json\/wp\/v2\/categories?post=139135"},{"taxonomy":"post_tag","embeddable":true,"href":"https:\/\/linitiative.ca\/International\/wp-json\/wp\/v2\/tags?post=139135"}],"curies":[{"name":"wp","href":"https:\/\/api.w.org\/{rel}","templated":true}]}}