{"id":139141,"date":"2022-01-22T07:34:23","date_gmt":"2022-01-22T12:34:23","guid":{"rendered":"https:\/\/linitiative.ca\/International\/aeroport-doujda-plus-de-489-mille-passagers-en-2021\/"},"modified":"2022-01-22T07:34:23","modified_gmt":"2022-01-22T12:34:23","slug":"aeroport-doujda-plus-de-489-mille-passagers-en-2021","status":"publish","type":"post","link":"https:\/\/linitiative.ca\/International\/aeroport-doujda-plus-de-489-mille-passagers-en-2021\/","title":{"rendered":"A\u00e9roport d\u2019Oujda : Plus de 489 mille passagers en 2021"},"content":{"rendered":"<div>\n<div style=\"margin-bottom:20px;\"><img loading=\"lazy\" decoding=\"async\" width=\"750\" height=\"430\" src=\"https:\/\/linitiative.ca\/International\/wp-content\/uploads\/sites\/23\/2022\/01\/AC3A9roport-Oujda-Angad.jpg\" class=\"attachment-post-thumbnail size-post-thumbnail wp-post-image\" alt=\"\" srcset=\"https:\/\/linitiative.ca\/International\/wp-content\/uploads\/sites\/23\/2022\/01\/AC3A9roport-Oujda-Angad.jpg 750w, https:\/\/www.mapoujda.ma\/map\/uploads\/2019\/05\/A\u00e9roport-Oujda-Angad-300x172.jpg 300w\" sizes=\"auto, (max-width: 750px) 100vw, 750px\"><\/div>\n<div>\n<p style=\"text-align: justify;\">L\u2019a\u00e9roport d\u2019Oujda-Angad a enregistr\u00e9 489.124 passagers en 2021, en hausse de 154,46 pc par rapport au volume du trafic a\u00e9rien commercial de 2020, selon les donn\u00e9es de l\u2019Office national des a\u00e9roports (ONDA).<\/p>\n<p style=\"text-align: justify;\">Le volume r\u00e9alis\u00e9 l\u2019ann\u00e9e derni\u00e8re est toutefois en baisse de -30,32 pc par rapport \u00e0 celui de 2019, ann\u00e9e qui avait enregistr\u00e9 702.004 passagers transitant par cet a\u00e9roport.<\/p>\n<p style=\"text-align: justify;\">L\u2019a\u00e9roport d\u2019Oujda-Angad a occup\u00e9 la 7\u00e8me place au niveau national dans le trafic a\u00e9rien commercial au titre de l\u2019ann\u00e9e 2021, et la 2\u00e8me position dans la r\u00e9gion de l\u2019Oriental derri\u00e8re l\u2019a\u00e9roport de Nador-El Aroui.<\/p>\n<p style=\"text-align: justify;\">Au niveau national, le trafic global de passagers a enregistr\u00e9 l\u2019ann\u00e9e derni\u00e8re une hausse de l\u2019ordre de 38,9 pc par rapport \u00e0 l\u2019ann\u00e9e 2020.<\/p>\n<p style=\"text-align: justify;\">Les a\u00e9roports du Royaume ont enregistr\u00e9 un trafic a\u00e9rien commercial de plus de 9,9 millions de passagers en 2021.<\/p>\n<\/div>\n<p>L\u2019article <a rel=\"nofollow\" href=\"https:\/\/www.mapoujda.ma\/fr\/aeroport-doujda-plus-de-489-mille-passagers-en-2021\/\">A\u00e9roport d\u2019Oujda : Plus de 489 mille passagers en 2021<\/a> est apparu en premier sur <a rel=\"nofollow\" href=\"https:\/\/www.mapoujda.ma\/fr\">MapOujda<\/a>.<\/p>\n<\/div>\n<p>Auteur: Soufiane ELAHMAR<br \/>\n<a href=\"https:\/\/www.mapoujda.ma\/fr\/aeroport-doujda-plus-de-489-mille-passagers-en-2021\/\">Cliquez ici pour lire l&rsquo;article depuis sa source.<\/a><\/p>\n","protected":false},"excerpt":{"rendered":"<p>L\u2019a\u00e9roport d\u2019Oujda-Angad a enregistr\u00e9 489.124 passagers en 2021, en hausse de 154,46 pc par rapport au volume du trafic a\u00e9rien commercial de 2020, selon les donn\u00e9es de l\u2019Office national des a\u00e9roports (ONDA). Le volume r\u00e9alis\u00e9 l\u2019ann\u00e9e derni\u00e8re est toutefois en baisse de -30,32 pc par rapport \u00e0 celui de 2019, ann\u00e9e qui avait enregistr\u00e9 702.004 [&hellip;]<\/p>\n","protected":false},"author":1788,"featured_media":0,"comment_status":"closed","ping_status":"closed","sticky":false,"template":"","format":"standard","meta":{"fifu_image_url":"https:\/\/www.mapoujda.ma\/map\/uploads\/2019\/05\/A\u00e9roport-Oujda-Angad.jpg","fifu_image_alt":"A\u00e9roport d\u2019Oujda : Plus de 489 mille passagers en 2021","footnotes":""},"categories":[54,76],"tags":[],"class_list":["post-139141","post","type-post","status-publish","format-standard","hentry","category-maroc","category-regions"],"_links":{"self":[{"href":"https:\/\/linitiative.ca\/International\/wp-json\/wp\/v2\/posts\/139141","targetHints":{"allow":["GET"]}}],"collection":[{"href":"https:\/\/linitiative.ca\/International\/wp-json\/wp\/v2\/posts"}],"about":[{"href":"https:\/\/linitiative.ca\/International\/wp-json\/wp\/v2\/types\/post"}],"author":[{"embeddable":true,"href":"https:\/\/linitiative.ca\/International\/wp-json\/wp\/v2\/users\/1788"}],"replies":[{"embeddable":true,"href":"https:\/\/linitiative.ca\/International\/wp-json\/wp\/v2\/comments?post=139141"}],"version-history":[{"count":0,"href":"https:\/\/linitiative.ca\/International\/wp-json\/wp\/v2\/posts\/139141\/revisions"}],"wp:attachment":[{"href":"https:\/\/linitiative.ca\/International\/wp-json\/wp\/v2\/media?parent=139141"}],"wp:term":[{"taxonomy":"category","embeddable":true,"href":"https:\/\/linitiative.ca\/International\/wp-json\/wp\/v2\/categories?post=139141"},{"taxonomy":"post_tag","embeddable":true,"href":"https:\/\/linitiative.ca\/International\/wp-json\/wp\/v2\/tags?post=139141"}],"curies":[{"name":"wp","href":"https:\/\/api.w.org\/{rel}","templated":true}]}}