{"id":139154,"date":"2022-01-22T04:00:00","date_gmt":"2022-01-22T09:00:00","guid":{"rendered":"https:\/\/linitiative.ca\/International\/les-porteurs-de-projets-suivis-par-diafat\/"},"modified":"2022-01-22T04:00:00","modified_gmt":"2022-01-22T09:00:00","slug":"les-porteurs-de-projets-suivis-par-diafat","status":"publish","type":"post","link":"https:\/\/linitiative.ca\/International\/les-porteurs-de-projets-suivis-par-diafat\/","title":{"rendered":"Les porteurs de projets suivis par Diafat"},"content":{"rendered":"<div>Pour se rapprocher davantage des porteurs de projets, l\u2019Angem vient de relancer sa plate-forme d\u2019inscription en ligne rattach\u00e9e au minist\u00e8re d\u00e9l\u00e9gu\u00e9 aupr\u00e8s du Premier ministre charg\u00e9 des Microentreprises.<\/div>\n<p>Auteur:<br \/>\n<a href=\"https:\/\/www.lesoirdalgerie.com\/periscoop\/les-porteurs-de-projets-suivis-par-diafat-74088\">Cliquez ici pour lire l&rsquo;article depuis sa source.<\/a><\/p>\n","protected":false},"excerpt":{"rendered":"<p>Pour se rapprocher davantage des porteurs de projets, l\u2019Angem vient de relancer sa plate-forme d\u2019inscription en ligne rattach\u00e9e au minist\u00e8re d\u00e9l\u00e9gu\u00e9 aupr\u00e8s du Premier ministre charg\u00e9 des Microentreprises. Auteur: Cliquez ici pour lire l&rsquo;article depuis sa source.<\/p>\n","protected":false},"author":1741,"featured_media":0,"comment_status":"closed","ping_status":"closed","sticky":false,"template":"","format":"standard","meta":{"fifu_image_url":"","fifu_image_alt":"","footnotes":""},"categories":[73,53],"tags":[],"class_list":["post-139154","post","type-post","status-publish","format-standard","hentry","category-actualite","category-algerie"],"_links":{"self":[{"href":"https:\/\/linitiative.ca\/International\/wp-json\/wp\/v2\/posts\/139154","targetHints":{"allow":["GET"]}}],"collection":[{"href":"https:\/\/linitiative.ca\/International\/wp-json\/wp\/v2\/posts"}],"about":[{"href":"https:\/\/linitiative.ca\/International\/wp-json\/wp\/v2\/types\/post"}],"author":[{"embeddable":true,"href":"https:\/\/linitiative.ca\/International\/wp-json\/wp\/v2\/users\/1741"}],"replies":[{"embeddable":true,"href":"https:\/\/linitiative.ca\/International\/wp-json\/wp\/v2\/comments?post=139154"}],"version-history":[{"count":0,"href":"https:\/\/linitiative.ca\/International\/wp-json\/wp\/v2\/posts\/139154\/revisions"}],"wp:attachment":[{"href":"https:\/\/linitiative.ca\/International\/wp-json\/wp\/v2\/media?parent=139154"}],"wp:term":[{"taxonomy":"category","embeddable":true,"href":"https:\/\/linitiative.ca\/International\/wp-json\/wp\/v2\/categories?post=139154"},{"taxonomy":"post_tag","embeddable":true,"href":"https:\/\/linitiative.ca\/International\/wp-json\/wp\/v2\/tags?post=139154"}],"curies":[{"name":"wp","href":"https:\/\/api.w.org\/{rel}","templated":true}]}}