{"id":139156,"date":"2022-01-22T03:46:48","date_gmt":"2022-01-22T08:46:48","guid":{"rendered":"https:\/\/linitiative.ca\/International\/ryanair-ne-se-retire-pas-du-maroc\/"},"modified":"2022-01-22T03:46:48","modified_gmt":"2022-01-22T08:46:48","slug":"ryanair-ne-se-retire-pas-du-maroc","status":"publish","type":"post","link":"https:\/\/linitiative.ca\/International\/ryanair-ne-se-retire-pas-du-maroc\/","title":{"rendered":"Ryanair ne se retire pas du Maroc"},"content":{"rendered":"<div><img decoding=\"async\" width=\"298\" height=\"169\" src=\"https:\/\/linitiative.ca\/International\/wp-content\/uploads\/sites\/23\/2022\/01\/rt.jpg\" class=\"attachment-post-thumbnail size-post-thumbnail wp-post-image\" alt=\"\" loading=\"lazy\" itemprop=\"image\">Plusieurs m\u00e9dias, signaux\u00a0et sources ont laiss\u00e9 croire cette semaine que la compagnie a\u00e9rienne low-cost Ryanair se retirerait d\u00e9finitivement du Maroc, \u00e0 cause des mesures restrictives r\u00e9p\u00e9t\u00e9es sur les voyages internationaux, dans le contexte de la crise sanitaire. Quid de la situation. Le 1er d\u00e9cembre 2021, Ryanair avait annonc\u00e9 l\u2019annulation de\u00a0\u00ab\u00a0tous<\/div>\n<p>Auteur: challenge<br \/>\n<a href=\"https:\/\/www.challenge.ma\/ryanair-prete-pour-rester-au-maroc-231150\/\">Cliquez ici pour lire l&rsquo;article depuis sa source.<\/a><\/p>\n","protected":false},"excerpt":{"rendered":"<p>Plusieurs m\u00e9dias, signaux\u00a0et sources ont laiss\u00e9 croire cette semaine que la compagnie a\u00e9rienne low-cost Ryanair se retirerait d\u00e9finitivement du Maroc, \u00e0 cause des mesures restrictives r\u00e9p\u00e9t\u00e9es sur les voyages internationaux, dans le contexte de la crise sanitaire. Quid de la situation. Le 1er d\u00e9cembre 2021, Ryanair avait annonc\u00e9 l\u2019annulation de\u00a0\u00ab\u00a0tous Auteur: challenge Cliquez ici pour [&hellip;]<\/p>\n","protected":false},"author":1787,"featured_media":0,"comment_status":"closed","ping_status":"closed","sticky":false,"template":"","format":"standard","meta":{"fifu_image_url":"https:\/\/www.challenge.ma\/wp-content\/uploads\/2022\/01\/rt.jpg","fifu_image_alt":"Ryanair ne se retire pas du Maroc","footnotes":""},"categories":[78,54],"tags":[],"class_list":["post-139156","post","type-post","status-publish","format-standard","hentry","category-economie","category-maroc"],"_links":{"self":[{"href":"https:\/\/linitiative.ca\/International\/wp-json\/wp\/v2\/posts\/139156","targetHints":{"allow":["GET"]}}],"collection":[{"href":"https:\/\/linitiative.ca\/International\/wp-json\/wp\/v2\/posts"}],"about":[{"href":"https:\/\/linitiative.ca\/International\/wp-json\/wp\/v2\/types\/post"}],"author":[{"embeddable":true,"href":"https:\/\/linitiative.ca\/International\/wp-json\/wp\/v2\/users\/1787"}],"replies":[{"embeddable":true,"href":"https:\/\/linitiative.ca\/International\/wp-json\/wp\/v2\/comments?post=139156"}],"version-history":[{"count":0,"href":"https:\/\/linitiative.ca\/International\/wp-json\/wp\/v2\/posts\/139156\/revisions"}],"wp:attachment":[{"href":"https:\/\/linitiative.ca\/International\/wp-json\/wp\/v2\/media?parent=139156"}],"wp:term":[{"taxonomy":"category","embeddable":true,"href":"https:\/\/linitiative.ca\/International\/wp-json\/wp\/v2\/categories?post=139156"},{"taxonomy":"post_tag","embeddable":true,"href":"https:\/\/linitiative.ca\/International\/wp-json\/wp\/v2\/tags?post=139156"}],"curies":[{"name":"wp","href":"https:\/\/api.w.org\/{rel}","templated":true}]}}