{"id":139166,"date":"2022-01-22T06:08:49","date_gmt":"2022-01-22T11:08:49","guid":{"rendered":"https:\/\/linitiative.ca\/International\/marche-meeting-du-22-janvier-un-journaliste-de-la-television-la-chaine-africaine-lca-blesse-ce-samedi\/"},"modified":"2022-01-22T06:08:49","modified_gmt":"2022-01-22T11:08:49","slug":"marche-meeting-du-22-janvier-un-journaliste-de-la-television-la-chaine-africaine-lca-blesse-ce-samedi","status":"publish","type":"post","link":"https:\/\/linitiative.ca\/International\/marche-meeting-du-22-janvier-un-journaliste-de-la-television-la-chaine-africaine-lca-blesse-ce-samedi\/","title":{"rendered":"Marche meeting du 22 janvier\u00a0: Un journaliste de la t\u00e9l\u00e9vision La Chaine Africaine (LCA) bless\u00e9 ce samedi."},"content":{"rendered":"<div>\n<p><strong>Le Mouvement Sauvons le Burkina tient ce samedi 22 janvier 2022, sa marche meeting qui avait \u00e9t\u00e9 interdite par le Maire de Ouagadougou, Armand B\u00e9ouind\u00e9.<\/strong><\/p>\n<p>Le centre de Ouagadougou a \u00e9t\u00e9 quadrill\u00e9 par les Forces de maintien de l\u2019ordre ce samedi. Aucun manifestant n\u2019a eu acc\u00e8s \u00e0 la Place de Nation, lieu du meeting. Aussi, aucun leader du mouvement Sauvons le Burkina n\u2019a \u00e9t\u00e9 pour l\u2019instant aper\u00e7u sur les lieux.<\/p>\n<p><img decoding=\"async\" loading=\"lazy\" class=\"alignnone wp-image-44593 size-full\" src=\"https:\/\/linitiative.ca\/International\/wp-content\/uploads\/sites\/23\/2022\/01\/ph-2.jpeg\" alt=\"\" width=\"900\" height=\"674\" srcset=\"https:\/\/linitiative.ca\/International\/wp-content\/uploads\/sites\/23\/2022\/01\/ph-2.jpeg 900w, https:\/\/www.sidwaya.info\/wp-content\/uploads\/2022\/01\/ph-2-300x225.jpeg 300w, https:\/\/www.sidwaya.info\/wp-content\/uploads\/2022\/01\/ph-2-768x575.jpeg 768w, https:\/\/www.sidwaya.info\/wp-content\/uploads\/2022\/01\/ph-2-150x112.jpeg 150w, https:\/\/www.sidwaya.info\/wp-content\/uploads\/2022\/01\/ph-2-696x521.jpeg 696w, https:\/\/www.sidwaya.info\/wp-content\/uploads\/2022\/01\/ph-2-561x420.jpeg 561w, https:\/\/www.sidwaya.info\/wp-content\/uploads\/2022\/01\/ph-2-80x60.jpeg 80w, https:\/\/www.sidwaya.info\/wp-content\/uploads\/2022\/01\/ph-2-265x198.jpeg 265w\" sizes=\"auto, (max-width: 900px) 100vw, 900px\"><\/p>\n<p>La CRS a proc\u00e9d\u00e9 \u00e0 certains endroits au lancement des gaz lacrymog\u00e8nes pour disperser le regroupement des manifestants.<\/p>\n<p>Dans la foul\u00e9e, un journaliste de la t\u00e9l\u00e9vision La Chaine Africaine (LCA) venu couvrir la manifestation a \u00e9t\u00e9 bless\u00e9.<\/p>\n<p><img decoding=\"async\" loading=\"lazy\" class=\"alignnone wp-image-44592 size-full\" src=\"https:\/\/linitiative.ca\/International\/wp-content\/uploads\/sites\/23\/2022\/01\/ph-3.jpeg\" alt=\"\" width=\"1080\" height=\"809\" srcset=\"https:\/\/linitiative.ca\/International\/wp-content\/uploads\/sites\/23\/2022\/01\/ph-3.jpeg 1080w, https:\/\/www.sidwaya.info\/wp-content\/uploads\/2022\/01\/ph-3-300x225.jpeg 300w, https:\/\/www.sidwaya.info\/wp-content\/uploads\/2022\/01\/ph-3-1024x767.jpeg 1024w, https:\/\/www.sidwaya.info\/wp-content\/uploads\/2022\/01\/ph-3-768x575.jpeg 768w, https:\/\/www.sidwaya.info\/wp-content\/uploads\/2022\/01\/ph-3-150x112.jpeg 150w, https:\/\/www.sidwaya.info\/wp-content\/uploads\/2022\/01\/ph-3-696x521.jpeg 696w, https:\/\/www.sidwaya.info\/wp-content\/uploads\/2022\/01\/ph-3-1068x800.jpeg 1068w, https:\/\/www.sidwaya.info\/wp-content\/uploads\/2022\/01\/ph-3-561x420.jpeg 561w, https:\/\/www.sidwaya.info\/wp-content\/uploads\/2022\/01\/ph-3-80x60.jpeg 80w, https:\/\/www.sidwaya.info\/wp-content\/uploads\/2022\/01\/ph-3-265x198.jpeg 265w\" sizes=\"auto, (max-width: 1080px) 100vw, 1080px\"><\/p>\n<p>Il a re\u00e7u un projectile au niveau du bras gauche. Une \u00e9quipe m\u00e9dicale de la Croix Rouge pr\u00e9sent sur les lieux, lui a administr\u00e9 les premiers soins avant qu\u2019il ne soit transport\u00e9 par une ambulance.<\/p>\n<p><strong>La R\u00e9daction <\/strong><\/p>\n<p>L\u2019article <a rel=\"nofollow\" href=\"https:\/\/www.sidwaya.info\/blog\/2022\/01\/22\/marche-meeting-du-22-janvier-un-journaliste-de-la-television-la-chaine-africaine-lca-blesse-ce-samedi\/\">Marche meeting du 22 janvier\u00a0: Un journaliste de la t\u00e9l\u00e9vision La Chaine Africaine (LCA) bless\u00e9 ce samedi.<\/a> est apparu en premier sur <a rel=\"nofollow\" href=\"https:\/\/www.sidwaya.info\/\">Quotidien Sidwaya<\/a>.<\/p>\n<\/div>\n<p>Auteur: Wamini SIDWAYA<br \/>\n<a href=\"https:\/\/www.sidwaya.info\/blog\/2022\/01\/22\/marche-meeting-du-22-janvier-un-journaliste-de-la-television-la-chaine-africaine-lca-blesse-ce-samedi\/?utm_source=rss&#038;utm_medium=rss&#038;utm_campaign=marche-meeting-du-22-janvier-un-journaliste-de-la-television-la-chaine-africaine-lca-blesse-ce-samedi\">Cliquez ici pour lire l&rsquo;article depuis sa source.<\/a><\/p>\n","protected":false},"excerpt":{"rendered":"<p>Le Mouvement Sauvons le Burkina tient ce samedi 22 janvier 2022, sa marche meeting qui avait \u00e9t\u00e9 interdite par le Maire de Ouagadougou, Armand B\u00e9ouind\u00e9. Le centre de Ouagadougou a \u00e9t\u00e9 quadrill\u00e9 par les Forces de maintien de l\u2019ordre ce samedi. Aucun manifestant n\u2019a eu acc\u00e8s \u00e0 la Place de Nation, lieu du meeting. Aussi, [&hellip;]<\/p>\n","protected":false},"author":1816,"featured_media":0,"comment_status":"closed","ping_status":"closed","sticky":false,"template":"","format":"standard","meta":{"fifu_image_url":"https:\/\/www.sidwaya.info\/wp-content\/uploads\/2022\/01\/ph-2.jpeg","fifu_image_alt":"Marche meeting du 22 janvier\u00a0: Un journaliste de la t\u00e9l\u00e9vision La Chaine Africaine (LCA) bless\u00e9 ce samedi.","footnotes":""},"categories":[73,81],"tags":[],"class_list":["post-139166","post","type-post","status-publish","format-standard","hentry","category-actualite","category-burkina-faso"],"_links":{"self":[{"href":"https:\/\/linitiative.ca\/International\/wp-json\/wp\/v2\/posts\/139166","targetHints":{"allow":["GET"]}}],"collection":[{"href":"https:\/\/linitiative.ca\/International\/wp-json\/wp\/v2\/posts"}],"about":[{"href":"https:\/\/linitiative.ca\/International\/wp-json\/wp\/v2\/types\/post"}],"author":[{"embeddable":true,"href":"https:\/\/linitiative.ca\/International\/wp-json\/wp\/v2\/users\/1816"}],"replies":[{"embeddable":true,"href":"https:\/\/linitiative.ca\/International\/wp-json\/wp\/v2\/comments?post=139166"}],"version-history":[{"count":0,"href":"https:\/\/linitiative.ca\/International\/wp-json\/wp\/v2\/posts\/139166\/revisions"}],"wp:attachment":[{"href":"https:\/\/linitiative.ca\/International\/wp-json\/wp\/v2\/media?parent=139166"}],"wp:term":[{"taxonomy":"category","embeddable":true,"href":"https:\/\/linitiative.ca\/International\/wp-json\/wp\/v2\/categories?post=139166"},{"taxonomy":"post_tag","embeddable":true,"href":"https:\/\/linitiative.ca\/International\/wp-json\/wp\/v2\/tags?post=139166"}],"curies":[{"name":"wp","href":"https:\/\/api.w.org\/{rel}","templated":true}]}}