{"id":139169,"date":"2022-01-22T07:05:34","date_gmt":"2022-01-22T12:05:34","guid":{"rendered":"https:\/\/linitiative.ca\/International\/covid-19-can-2021-match-burkina-gabon-les-etalons-joueront-au-complet-demain\/"},"modified":"2022-01-22T07:05:34","modified_gmt":"2022-01-22T12:05:34","slug":"covid-19-can-2021-match-burkina-gabon-les-etalons-joueront-au-complet-demain","status":"publish","type":"post","link":"https:\/\/linitiative.ca\/International\/covid-19-can-2021-match-burkina-gabon-les-etalons-joueront-au-complet-demain\/","title":{"rendered":"COVID-19\/CAN 2021\/match Burkina-Gabon : Les Etalons joueront au complet demain"},"content":{"rendered":"<div>\n<p>Depuis le d\u00e9but de la coupe d\u2019Afrique des Nations 2021 (CAN) l\u2019\u00e9quipe nationale du Burkina n\u2019a jamais jou\u00e9 au complet. Mais pour le match du dimanche 23 janvier 2022, ils joueront tous contre les Panth\u00e8res du Gabon. C\u2019est une premi\u00e8re pour les Etalons du Burkina \u00e0 la CAN 2021. En effet, les tests COVID-19 r\u00e9alis\u00e9s par le laboratoire Suisse Unilab, mandat\u00e9 par la CAF, a r\u00e9v\u00e9l\u00e9 que toute l\u2019\u00e9quipe est n\u00e9gative au coronavirus.<\/p>\n<p><img decoding=\"async\" loading=\"lazy\" class=\"alignnone wp-image-44558 size-full\" src=\"https:\/\/linitiative.ca\/International\/wp-content\/uploads\/sites\/23\/2022\/01\/2-20.jpg\" alt=\"\" width=\"595\" height=\"397\" srcset=\"https:\/\/linitiative.ca\/International\/wp-content\/uploads\/sites\/23\/2022\/01\/2-20.jpg 595w, https:\/\/www.sidwaya.info\/wp-content\/uploads\/2022\/01\/2-20-300x200.jpg 300w, https:\/\/www.sidwaya.info\/wp-content\/uploads\/2022\/01\/2-20-150x100.jpg 150w\" sizes=\"auto, (max-width: 595px) 100vw, 595px\"><\/p>\n<p>Pour la premi\u00e8re fois, le s\u00e9lectionneur Kamou Malo aura, le dimanche prochain son effectif au grand complet.<\/p>\n<p>Ils sont arriv\u00e9s \u00e0 Buea la capitale du Sud-ouest du Cameroun en vue de leur match du 23 janvier contre les Panth\u00e8res du Gabon.<\/p>\n<p><strong>YO\/WMO<\/strong><\/p>\n<p>L\u2019article <a rel=\"nofollow\" href=\"https:\/\/www.sidwaya.info\/blog\/2022\/01\/22\/covid-19-can-2021-match-burkina-gabon-les-etalons-joueront-au-complet-demain\/\">COVID-19\/CAN 2021\/match Burkina-Gabon : Les Etalons joueront au complet demain<\/a> est apparu en premier sur <a rel=\"nofollow\" href=\"https:\/\/www.sidwaya.info\/\">Quotidien Sidwaya<\/a>.<\/p>\n<\/div>\n<p>Auteur: Wamini SIDWAYA<br \/>\n<a href=\"https:\/\/www.sidwaya.info\/blog\/2022\/01\/22\/covid-19-can-2021-match-burkina-gabon-les-etalons-joueront-au-complet-demain\/?utm_source=rss&#038;utm_medium=rss&#038;utm_campaign=covid-19-can-2021-match-burkina-gabon-les-etalons-joueront-au-complet-demain\">Cliquez ici pour lire l&rsquo;article depuis sa source.<\/a><\/p>\n","protected":false},"excerpt":{"rendered":"<p>Depuis le d\u00e9but de la coupe d\u2019Afrique des Nations 2021 (CAN) l\u2019\u00e9quipe nationale du Burkina n\u2019a jamais jou\u00e9 au complet. Mais pour le match du dimanche 23 janvier 2022, ils joueront tous contre les Panth\u00e8res du Gabon. C\u2019est une premi\u00e8re pour les Etalons du Burkina \u00e0 la CAN 2021. En effet, les tests COVID-19 r\u00e9alis\u00e9s [&hellip;]<\/p>\n","protected":false},"author":1816,"featured_media":0,"comment_status":"closed","ping_status":"closed","sticky":false,"template":"","format":"standard","meta":{"fifu_image_url":"https:\/\/www.sidwaya.info\/wp-content\/uploads\/2022\/01\/2-20.jpg","fifu_image_alt":"COVID-19\/CAN 2021\/match Burkina-Gabon : Les Etalons joueront au complet demain","footnotes":""},"categories":[73,81],"tags":[],"class_list":["post-139169","post","type-post","status-publish","format-standard","hentry","category-actualite","category-burkina-faso"],"_links":{"self":[{"href":"https:\/\/linitiative.ca\/International\/wp-json\/wp\/v2\/posts\/139169","targetHints":{"allow":["GET"]}}],"collection":[{"href":"https:\/\/linitiative.ca\/International\/wp-json\/wp\/v2\/posts"}],"about":[{"href":"https:\/\/linitiative.ca\/International\/wp-json\/wp\/v2\/types\/post"}],"author":[{"embeddable":true,"href":"https:\/\/linitiative.ca\/International\/wp-json\/wp\/v2\/users\/1816"}],"replies":[{"embeddable":true,"href":"https:\/\/linitiative.ca\/International\/wp-json\/wp\/v2\/comments?post=139169"}],"version-history":[{"count":0,"href":"https:\/\/linitiative.ca\/International\/wp-json\/wp\/v2\/posts\/139169\/revisions"}],"wp:attachment":[{"href":"https:\/\/linitiative.ca\/International\/wp-json\/wp\/v2\/media?parent=139169"}],"wp:term":[{"taxonomy":"category","embeddable":true,"href":"https:\/\/linitiative.ca\/International\/wp-json\/wp\/v2\/categories?post=139169"},{"taxonomy":"post_tag","embeddable":true,"href":"https:\/\/linitiative.ca\/International\/wp-json\/wp\/v2\/tags?post=139169"}],"curies":[{"name":"wp","href":"https:\/\/api.w.org\/{rel}","templated":true}]}}