{"id":139171,"date":"2022-01-22T08:57:48","date_gmt":"2022-01-22T13:57:48","guid":{"rendered":"https:\/\/linitiative.ca\/International\/marche-du-22-janvier-le-siege-du-mpp-kaya-saccage\/"},"modified":"2022-01-22T08:57:48","modified_gmt":"2022-01-22T13:57:48","slug":"marche-du-22-janvier-le-siege-du-mpp-kaya-saccage","status":"publish","type":"post","link":"https:\/\/linitiative.ca\/International\/marche-du-22-janvier-le-siege-du-mpp-kaya-saccage\/","title":{"rendered":"Marche du 22 janvier\u00a0: Le si\u00e8ge du MPP Kaya saccag\u00e9"},"content":{"rendered":"<div>\n<p><strong>Les manifestions contre les sanctions inflig\u00e9es au Mali par la CEDEAO et l\u2019UEMOA dans la ville de Kaya ce 22 janvier 2022 se sont\u00a0 sold\u00e9es par le saccage du si\u00e8ge provincial du parti au pouvoir, le Mouvement du peuple pour le progr\u00e8s (MPP). Les commerces sont rest\u00e9s fermes.<\/strong><\/p>\n<p>D\u00e9but\u00e9e au Rond-point de Naaba Oubri (devant le grand march\u00e9), les\u00a0marcheurs ont d\u2019abord promis aux \u00e9l\u00e9ments de la police nationale une manifestation pacifique sans trouble \u00e0 l\u2019ordre public.<\/p>\n<p>Apr\u00e8s ce consensus, ils ont ensuite somm\u00e9 les commer\u00e7ants de fermer les boutiques pour participer \u00e0 la marche. \u00ab\u00a0Vous n\u2019\u00eates pas des Burkinab\u00e9 ? Vous n\u2019\u00eates pas patriotes ? Fermez vos boutiques sinon nous allons briser les vitres\u00a0\u00bb, a scand\u00e9 un boutiquier. La plupart des boutiques du grand march\u00e9 ont \u00e9t\u00e9 ferm\u00e9s. Des stations d\u2019essences, notamment Total, des alimentations ont aussi clos leurs portes.<\/p>\n<p>Cette marche a \u00e9t\u00e9 marqu\u00e9e par l\u2019absence des t\u00e9nors des marches pr\u00e9c\u00e9dentes organis\u00e9es par des Organisations de la soci\u00e9t\u00e9 civile (OSC), notamment l\u2019Appel de Kaya. Elle est aussi constitu\u00e9e dans la majorit\u00e9 par des mineurs tels que les \u00e9l\u00e8ves.<\/p>\n<p>Au rond-point de la pr\u00e9fecture, non loin du commissariat central de police de Kaya, la police a barricad\u00e9 l\u2019axe passant devant leur service pour \u00e9viter tout acte d\u2019incivisme.<\/p>\n<p>Des manifestants majoritairement des \u00e9l\u00e8ves ont saccag\u00e9 le si\u00e8ge provincial du MPP du Sanmatenga\u00a0; qui a \u00e9chapp\u00e9 de justesse \u00e0 l\u2019incendie gr\u00e2ce \u00e0 l\u2019intervention de la police nationale.<\/p>\n<p><img decoding=\"async\" loading=\"lazy\" class=\"alignnone wp-image-44602 size-full\" src=\"https:\/\/linitiative.ca\/International\/wp-content\/uploads\/sites\/23\/2022\/01\/Kaya2.jpg\" alt=\"\" width=\"800\" height=\"600\" srcset=\"https:\/\/linitiative.ca\/International\/wp-content\/uploads\/sites\/23\/2022\/01\/Kaya2.jpg 800w, https:\/\/www.sidwaya.info\/wp-content\/uploads\/2022\/01\/Kaya2-300x225.jpg 300w, https:\/\/www.sidwaya.info\/wp-content\/uploads\/2022\/01\/Kaya2-768x576.jpg 768w, https:\/\/www.sidwaya.info\/wp-content\/uploads\/2022\/01\/Kaya2-150x113.jpg 150w, https:\/\/www.sidwaya.info\/wp-content\/uploads\/2022\/01\/Kaya2-696x522.jpg 696w, https:\/\/www.sidwaya.info\/wp-content\/uploads\/2022\/01\/Kaya2-560x420.jpg 560w, https:\/\/www.sidwaya.info\/wp-content\/uploads\/2022\/01\/Kaya2-80x60.jpg 80w, https:\/\/www.sidwaya.info\/wp-content\/uploads\/2022\/01\/Kaya2-265x198.jpg 265w\" sizes=\"auto, (max-width: 800px) 100vw, 800px\"><\/p>\n<p><strong>Emil Abdoul Razak SEGDA<\/strong><\/p>\n<p>L\u2019article <a rel=\"nofollow\" href=\"https:\/\/www.sidwaya.info\/blog\/2022\/01\/22\/marche-du-22-janvier-le-siege-du-mpp-kaya-saccage\/\">Marche du 22 janvier\u00a0: Le si\u00e8ge du MPP Kaya saccag\u00e9<\/a> est apparu en premier sur <a rel=\"nofollow\" href=\"https:\/\/www.sidwaya.info\/\">Quotidien Sidwaya<\/a>.<\/p>\n<\/div>\n<p>Auteur: Wamini SIDWAYA<br \/>\n<a href=\"https:\/\/www.sidwaya.info\/blog\/2022\/01\/22\/marche-du-22-janvier-le-siege-du-mpp-kaya-saccage\/?utm_source=rss&#038;utm_medium=rss&#038;utm_campaign=marche-du-22-janvier-le-siege-du-mpp-kaya-saccage\">Cliquez ici pour lire l&rsquo;article depuis sa source.<\/a><\/p>\n","protected":false},"excerpt":{"rendered":"<p>Les manifestions contre les sanctions inflig\u00e9es au Mali par la CEDEAO et l\u2019UEMOA dans la ville de Kaya ce 22 janvier 2022 se sont\u00a0 sold\u00e9es par le saccage du si\u00e8ge provincial du parti au pouvoir, le Mouvement du peuple pour le progr\u00e8s (MPP). Les commerces sont rest\u00e9s fermes. D\u00e9but\u00e9e au Rond-point de Naaba Oubri (devant [&hellip;]<\/p>\n","protected":false},"author":1816,"featured_media":0,"comment_status":"closed","ping_status":"closed","sticky":false,"template":"","format":"standard","meta":{"fifu_image_url":"https:\/\/www.sidwaya.info\/wp-content\/uploads\/2022\/01\/Kaya2.jpg","fifu_image_alt":"Marche du 22 janvier\u00a0: Le si\u00e8ge du MPP Kaya saccag\u00e9","footnotes":""},"categories":[73,81],"tags":[],"class_list":["post-139171","post","type-post","status-publish","format-standard","hentry","category-actualite","category-burkina-faso"],"_links":{"self":[{"href":"https:\/\/linitiative.ca\/International\/wp-json\/wp\/v2\/posts\/139171","targetHints":{"allow":["GET"]}}],"collection":[{"href":"https:\/\/linitiative.ca\/International\/wp-json\/wp\/v2\/posts"}],"about":[{"href":"https:\/\/linitiative.ca\/International\/wp-json\/wp\/v2\/types\/post"}],"author":[{"embeddable":true,"href":"https:\/\/linitiative.ca\/International\/wp-json\/wp\/v2\/users\/1816"}],"replies":[{"embeddable":true,"href":"https:\/\/linitiative.ca\/International\/wp-json\/wp\/v2\/comments?post=139171"}],"version-history":[{"count":0,"href":"https:\/\/linitiative.ca\/International\/wp-json\/wp\/v2\/posts\/139171\/revisions"}],"wp:attachment":[{"href":"https:\/\/linitiative.ca\/International\/wp-json\/wp\/v2\/media?parent=139171"}],"wp:term":[{"taxonomy":"category","embeddable":true,"href":"https:\/\/linitiative.ca\/International\/wp-json\/wp\/v2\/categories?post=139171"},{"taxonomy":"post_tag","embeddable":true,"href":"https:\/\/linitiative.ca\/International\/wp-json\/wp\/v2\/tags?post=139171"}],"curies":[{"name":"wp","href":"https:\/\/api.w.org\/{rel}","templated":true}]}}