{"id":139176,"date":"2022-01-21T18:18:03","date_gmt":"2022-01-21T23:18:03","guid":{"rendered":"https:\/\/linitiative.ca\/International\/maroc-8-338-nouveaux-cas-de-covid-et-35-deces-en-24h\/"},"modified":"2022-01-21T18:18:03","modified_gmt":"2022-01-21T23:18:03","slug":"maroc-8-338-nouveaux-cas-de-covid-et-35-deces-en-24h","status":"publish","type":"post","link":"https:\/\/linitiative.ca\/International\/maroc-8-338-nouveaux-cas-de-covid-et-35-deces-en-24h\/","title":{"rendered":"Maroc: 8.338 nouveaux cas de Covid et 35 d\u00e9c\u00e8s en 24H"},"content":{"rendered":"<div>\n<p><img decoding=\"async\" width=\"315\" height=\"160\" src=\"https:\/\/linitiative.ca\/International\/wp-content\/uploads\/sites\/23\/2022\/01\/16428070834852.jpg\" class=\"attachment-post-thumbnail size-post-thumbnail wp-post-image\" alt=\"\" loading=\"lazy\" srcset=\"https:\/\/linitiative.ca\/International\/wp-content\/uploads\/sites\/23\/2022\/01\/16428070834852.jpg 315w, https:\/\/www.journalducameroun.com\/wp-content\/uploads\/2022\/01\/16428070834852-300x152.jpg 300w\" sizes=\"auto, (max-width: 315px) 100vw, 315px\"><\/p>\n<p>Un total de 8.338 nouveaux cas d&rsquo;infection au COVID-19 a \u00e9t\u00e9 enregistr\u00e9 au cours des derni\u00e8res 24 heures, a annonc\u00e9 vendredi le minist\u00e8re de la Sant\u00e9.Ce nouveau bilan porte \u00e0 1.086.340 le nombre de contaminations dans le Royaume depuis le premier cas signal\u00e9 le 2 mars et \u00e0 1.001.741 celui des personnes totalement r\u00e9tablies (+5.694), soit un taux de gu\u00e9rison de 92,2%, a pr\u00e9cis\u00e9 le minist\u00e8re dans son bulletin quotidien.<\/p>\n<p>Par ailleurs, Le nombre des personnes d\u00e9c\u00e9d\u00e9es s&rsquo;est \u00e9lev\u00e9 \u00e0 15.082 avec 35 nouveaux d\u00e9c\u00e8s ces derni\u00e8res 24 heures, a fait savoir le minist\u00e8re.<\/p>\n<p>C\u00f4t\u00e9 vaccination, le minist\u00e8re rel\u00e8ve que le nombre de primo-vaccin\u00e9s a atteint 24.634.418 et celui des personnes ayant re\u00e7u 2 doses s&rsquo;\u00e9l\u00e8ve \u00e0 23.042.160 a pr\u00e9cis\u00e9 le minist\u00e8re, ajoutant que les personnes ayant re\u00e7u 3 doses sont au nombre de 4.096.047.<\/p>\n<p>Cet article <a rel=\"nofollow\" href=\"https:\/\/www.journalducameroun.com\/maroc-8-338-nouveaux-cas-de-covid-et-35-deces-en-24h\/\">Maroc: 8.338 nouveaux cas de Covid et 35 d\u00e9c\u00e8s en 24H<\/a> est apparu en premier sur <a rel=\"nofollow\" href=\"https:\/\/www.journalducameroun.com\/\">Journal du Cameroun<\/a>.<\/p>\n<\/div>\n<p>Auteur: APA News<br \/>\n<a href=\"https:\/\/www.journalducameroun.com\/maroc-8-338-nouveaux-cas-de-covid-et-35-deces-en-24h\/\">Cliquez ici pour lire l&rsquo;article depuis sa source.<\/a><\/p>\n","protected":false},"excerpt":{"rendered":"<p>Un total de 8.338 nouveaux cas d&rsquo;infection au COVID-19 a \u00e9t\u00e9 enregistr\u00e9 au cours des derni\u00e8res 24 heures, a annonc\u00e9 vendredi le minist\u00e8re de la Sant\u00e9.Ce nouveau bilan porte \u00e0 1.086.340 le nombre de contaminations dans le Royaume depuis le premier cas signal\u00e9 le 2 mars et \u00e0 1.001.741 celui des personnes totalement r\u00e9tablies (+5.694), [&hellip;]<\/p>\n","protected":false},"author":1965,"featured_media":0,"comment_status":"closed","ping_status":"closed","sticky":false,"template":"","format":"standard","meta":{"fifu_image_url":"https:\/\/www.journalducameroun.com\/wp-content\/uploads\/2022\/01\/16428070834852.jpg","fifu_image_alt":"Maroc: 8.338 nouveaux cas de Covid et 35 d\u00e9c\u00e8s en 24H","footnotes":""},"categories":[73,82],"tags":[],"class_list":["post-139176","post","type-post","status-publish","format-standard","hentry","category-actualite","category-cameroun"],"_links":{"self":[{"href":"https:\/\/linitiative.ca\/International\/wp-json\/wp\/v2\/posts\/139176","targetHints":{"allow":["GET"]}}],"collection":[{"href":"https:\/\/linitiative.ca\/International\/wp-json\/wp\/v2\/posts"}],"about":[{"href":"https:\/\/linitiative.ca\/International\/wp-json\/wp\/v2\/types\/post"}],"author":[{"embeddable":true,"href":"https:\/\/linitiative.ca\/International\/wp-json\/wp\/v2\/users\/1965"}],"replies":[{"embeddable":true,"href":"https:\/\/linitiative.ca\/International\/wp-json\/wp\/v2\/comments?post=139176"}],"version-history":[{"count":0,"href":"https:\/\/linitiative.ca\/International\/wp-json\/wp\/v2\/posts\/139176\/revisions"}],"wp:attachment":[{"href":"https:\/\/linitiative.ca\/International\/wp-json\/wp\/v2\/media?parent=139176"}],"wp:term":[{"taxonomy":"category","embeddable":true,"href":"https:\/\/linitiative.ca\/International\/wp-json\/wp\/v2\/categories?post=139176"},{"taxonomy":"post_tag","embeddable":true,"href":"https:\/\/linitiative.ca\/International\/wp-json\/wp\/v2\/tags?post=139176"}],"curies":[{"name":"wp","href":"https:\/\/api.w.org\/{rel}","templated":true}]}}