{"id":139178,"date":"2022-01-22T04:18:03","date_gmt":"2022-01-22T09:18:03","guid":{"rendered":"https:\/\/linitiative.ca\/International\/la-presse-senegalaise-a-fond-sur-les-elections-locales\/"},"modified":"2022-01-22T04:18:03","modified_gmt":"2022-01-22T09:18:03","slug":"la-presse-senegalaise-a-fond-sur-les-elections-locales","status":"publish","type":"post","link":"https:\/\/linitiative.ca\/International\/la-presse-senegalaise-a-fond-sur-les-elections-locales\/","title":{"rendered":"La presse s\u00e9n\u00e9galaise \u00e0 fond sur les \u00e9lections locales"},"content":{"rendered":"<div>\n<p><img decoding=\"async\" width=\"250\" height=\"200\" src=\"https:\/\/linitiative.ca\/International\/wp-content\/uploads\/sites\/23\/2022\/01\/16428430832298.jpg\" class=\"attachment-post-thumbnail size-post-thumbnail wp-post-image\" alt=\"\" loading=\"lazy\"><\/p>\n<p>Les \u00e9lections municipales et d\u00e9partementales de ce dimanche 23 janvier 2022 font la Une des quotidiens s\u00e9n\u00e9galais de ce samedi.\u00a0\u00bbFin de campagne : Une fine pluie nettoie Dakar\u00a0\u00bb, soupire Vox Populi, informant que le Forum du justiciable invite \u00e0 ne pas publier pr\u00e9matur\u00e9ment les r\u00e9sultats des \u00e9lections.<\/p>\n<p>\u00ab\u00a0\u00c9lections locales du 23 janvier : Les batailles d\u00e9cisives\u00a0\u00bb, titre EnQu\u00eate, notant : \u00ab\u00a0Benno Bokk Yaakar (majorit\u00e9 pr\u00e9sidentielle), vaincre les d\u00e9mons de la division et poursuivre la razzia; Yewwi Askak Wi (opposition), tisser sa toile et prendre date pour 2024; Wallu S\u00e9n\u00e9gal (Parti d\u00e9mocratique s\u00e9n\u00e9galais, opposition), sauver ce qui peut encore l&rsquo;\u00eatre\u00a0\u00bb.<\/p>\n<p>Selon ce journal, Thierno Alassane Sall et Bougane Gu\u00e8ye jouent les trouble-f\u00eate.<\/p>\n<p>\u00ab\u00a0Fin de campagne \u00e9lectorale : Heurts de choix. La justice pour panser les plaies. La violence noie les programmes\u00a0\u00bb, lit-on \u00e0 la Une de Walf Quotidien, l\u00e0 o\u00f9 Sud Quotidien parle de \u00ab\u00a0jour de v\u00e9rit\u00e9 pour un scrutin sous haute tension politique\u00a0\u00bb.<\/p>\n<p>\u00ab\u00a0Le verdict livr\u00e9 par 6.373.451 \u00e9lecteurs. Dakar, Gu\u00e9diawaye, Pikine, Thi\u00e8s au centre des attentions. Ziguinchor, Saint-Louis et Diourbel, grandes attractions\u00a0\u00bb, poursuivent nos confr\u00e8res de Sud Quotidien.<\/p>\n<p>Pour ces \u00e9lections territoriales du 23 janvier, Le Soleil renseigne que \u00ab\u00a03149 listes (sont) sur la ligne de d\u00e9part\u00a0\u00bb dans 557 communes et 43 d\u00e9partements.<\/p>\n<p>\u00ab\u00a0Les candidats \u00e0 la conqu\u00eate des d\u00e9partements, villes et communes ce dimanche : 3149 listes en comp\u00e9tition. Les \u00e9lecteurs vont faire leur choix dans 15.066 bureaux de vote\u00a0\u00bb, rench\u00e9rit Lib\u00e9ration.<\/p>\n<p>S&rsquo;appuyant sur des sondages, DirectNews pr\u00e9dit que \u00ab\u00a0plus de 70% des maires sortant vont perdre leur fauteuil\u00a0\u00bb.<\/p>\n<p>De son c\u00f4t\u00e9, L&rsquo;Observateur note : \u00ab\u00a0L&rsquo;impossible scrutin. Sonko, Idy, Diouf Sarr, Barth, Mansour Faye, h\u00e9ros ou z\u00e9ro\u00a0\u00bb.<\/p>\n<p>Cet article <a rel=\"nofollow\" href=\"https:\/\/www.journalducameroun.com\/la-presse-senegalaise-a-fond-sur-les-elections-locales\/\">La presse s\u00e9n\u00e9galaise \u00e0 fond sur les \u00e9lections locales<\/a> est apparu en premier sur <a rel=\"nofollow\" href=\"https:\/\/www.journalducameroun.com\/\">Journal du Cameroun<\/a>.<\/p>\n<\/div>\n<p>Auteur: APA News<br \/>\n<a href=\"https:\/\/www.journalducameroun.com\/la-presse-senegalaise-a-fond-sur-les-elections-locales\/\">Cliquez ici pour lire l&rsquo;article depuis sa source.<\/a><\/p>\n","protected":false},"excerpt":{"rendered":"<p>Les \u00e9lections municipales et d\u00e9partementales de ce dimanche 23 janvier 2022 font la Une des quotidiens s\u00e9n\u00e9galais de ce samedi.\u00a0\u00bbFin de campagne : Une fine pluie nettoie Dakar\u00a0\u00bb, soupire Vox Populi, informant que le Forum du justiciable invite \u00e0 ne pas publier pr\u00e9matur\u00e9ment les r\u00e9sultats des \u00e9lections. \u00ab\u00a0\u00c9lections locales du 23 janvier : Les batailles [&hellip;]<\/p>\n","protected":false},"author":1965,"featured_media":0,"comment_status":"closed","ping_status":"closed","sticky":false,"template":"","format":"standard","meta":{"fifu_image_url":"https:\/\/www.journalducameroun.com\/wp-content\/uploads\/2022\/01\/16428430832298.jpg","fifu_image_alt":"La presse s\u00e9n\u00e9galaise \u00e0 fond sur les \u00e9lections locales","footnotes":""},"categories":[73,82],"tags":[],"class_list":["post-139178","post","type-post","status-publish","format-standard","hentry","category-actualite","category-cameroun"],"_links":{"self":[{"href":"https:\/\/linitiative.ca\/International\/wp-json\/wp\/v2\/posts\/139178","targetHints":{"allow":["GET"]}}],"collection":[{"href":"https:\/\/linitiative.ca\/International\/wp-json\/wp\/v2\/posts"}],"about":[{"href":"https:\/\/linitiative.ca\/International\/wp-json\/wp\/v2\/types\/post"}],"author":[{"embeddable":true,"href":"https:\/\/linitiative.ca\/International\/wp-json\/wp\/v2\/users\/1965"}],"replies":[{"embeddable":true,"href":"https:\/\/linitiative.ca\/International\/wp-json\/wp\/v2\/comments?post=139178"}],"version-history":[{"count":0,"href":"https:\/\/linitiative.ca\/International\/wp-json\/wp\/v2\/posts\/139178\/revisions"}],"wp:attachment":[{"href":"https:\/\/linitiative.ca\/International\/wp-json\/wp\/v2\/media?parent=139178"}],"wp:term":[{"taxonomy":"category","embeddable":true,"href":"https:\/\/linitiative.ca\/International\/wp-json\/wp\/v2\/categories?post=139178"},{"taxonomy":"post_tag","embeddable":true,"href":"https:\/\/linitiative.ca\/International\/wp-json\/wp\/v2\/tags?post=139178"}],"curies":[{"name":"wp","href":"https:\/\/api.w.org\/{rel}","templated":true}]}}