{"id":139180,"date":"2022-01-22T07:18:03","date_gmt":"2022-01-22T12:18:03","guid":{"rendered":"https:\/\/linitiative.ca\/International\/senegal-des-elections-locales-aux-enjeux-nationaux\/"},"modified":"2022-01-22T07:18:03","modified_gmt":"2022-01-22T12:18:03","slug":"senegal-des-elections-locales-aux-enjeux-nationaux","status":"publish","type":"post","link":"https:\/\/linitiative.ca\/International\/senegal-des-elections-locales-aux-enjeux-nationaux\/","title":{"rendered":"S\u00e9n\u00e9gal : des \u00e9lections locales aux enjeux nationaux"},"content":{"rendered":"<div>\n<p><img decoding=\"async\" width=\"720\" height=\"359\" src=\"https:\/\/linitiative.ca\/International\/wp-content\/uploads\/sites\/23\/2022\/01\/16428538833897.jpg\" class=\"attachment-post-thumbnail size-post-thumbnail wp-post-image\" alt=\"\" loading=\"lazy\" srcset=\"https:\/\/linitiative.ca\/International\/wp-content\/uploads\/sites\/23\/2022\/01\/16428538833897.jpg 720w, https:\/\/www.journalducameroun.com\/wp-content\/uploads\/2022\/01\/16428538833897-300x150.jpg 300w, https:\/\/www.journalducameroun.com\/wp-content\/uploads\/2022\/01\/16428538833897-600x299.jpg 600w\" sizes=\"auto, (max-width: 720px) 100vw, 720px\"><\/p>\n<p>Bien que territoriales, les \u00e9lections de ce 23 janvier 2022 n&rsquo;en demeurent pas moins une confrontation nationale entre la mouvance pr\u00e9sidentielle et une opposition h\u00e9t\u00e9roclite qui esp\u00e8re frapper un grand coup avant les L\u00e9gislatives pr\u00e9vues cette ann\u00e9e et la Pr\u00e9sidentielle de 2024.L&rsquo;alternance, c&rsquo;est d&rsquo;abord au niveau local. En 2009, l&rsquo;opposition \u00e0 l&rsquo;ancien pr\u00e9sident Abdoulaye Wade (2000-2012) avait r\u00e9ussi le pari de s&rsquo;imposer dans de nombreuses municipalit\u00e9s. Des r\u00e9sultats pr\u00e9monitoires de la d\u00e9faite du pape du Sopi (changement, en langue wolof) au second tour de l&rsquo;\u00e9lection pr\u00e9sidentielle organis\u00e9e trois ans plus tard.<\/p>\n<p>Pour Ousmane Sonko, principal challenger du pr\u00e9sident Macky Sall, c&rsquo;est la voie \u00e0 suivre pour d\u00e9loger le locataire du palais de la R\u00e9publique. Si les S\u00e9n\u00e9galais veulent que le pouvoir change de main en 2024, estime-t-il, il faut qu&rsquo;ils assurent une victoire \u00e9clatante \u00e0 l&rsquo;opposition au soir du 23 janvier 2022.<\/p>\n<p>A en croire l&rsquo;ancien Inspecteur des Imp\u00f4ts et Domaines, si au sortir de ces joutes, \u00ab Macky Sall gagne, il fera un dixi\u00e8me mandat \u00e0 la place d&rsquo;un troisi\u00e8me mandat. Et si Kolda (r\u00e9gion du Sud) veut envoyer Sonko au palais de la R\u00e9publique, \u00e7a doit passer par 2022\u00a0\u00bb.<\/p>\n<p>Il s&rsquo;exprimait ainsi dans la deuxi\u00e8me grande ville du Sud o\u00f9 il \u00e9tait parti apporter son soutien aux candidats de l&rsquo;opposition.<\/p>\n<p>Pour le leader des Patriotes africains du S\u00e9n\u00e9gal pour le travail, l&rsquo;\u00e9thique et la fraternit\u00e9 (Pastef), un raz-de-mar\u00e9e de l&rsquo;opposition ce dimanche la mettrait en ballottage favorable pour les joutes \u00e9lectorales en perspective.<\/p>\n<p>Conserver Dakar et gagner les autres grandes villes<\/p>\n<p>Depuis son accession au pouvoir en 2012, la capitale s\u00e9n\u00e9galaise \u00e9chappe au chef de l&rsquo;\u00c9tat actuel. Pour la ramener dans son giron, il a port\u00e9 son choix sur son ministre de la Sant\u00e9 et de l&rsquo;Action sociale et maire de la commune de Yoff, Abdoulaye Diouf Sarr. Ce dernier jouit d&rsquo;une notori\u00e9t\u00e9 aupr\u00e8s de la communaut\u00e9 l\u00e9boue dont il est issu et b\u00e9n\u00e9ficie de son soutien.<\/p>\n<p>Il ne fait cependant pas l&rsquo;unanimit\u00e9 au sein de son propre camp. Parmi ses adversaires, figure en effet le chef de cabinet du pr\u00e9sident de la R\u00e9publique, Mame Mbaye Niang. Avec sa liste \u00ab Dakar Horizon 2035 \u00bb, il fait partie des quatre candidats que devra battre Diouf Sarr pour devenir l&rsquo;\u00e9dile de la capitale.<\/p>\n<p>Pour l&rsquo;opposition qui r\u00e8gne sur Dakar depuis 2009, pas question de perdre la presqu&rsquo;\u00eele du Cap Vert. Et pour y arriver, la coalition de l&rsquo;opposition Yewwi Askan Wi, traduisez lib\u00e9rer le peuple, a jet\u00e9 son d\u00e9volu sur le bouillant Barth\u00e9l\u00e9my Dias au d\u00e9triment de la maire sortante Soham El Wardini. Elle est arriv\u00e9e \u00e0 la t\u00eate de la ville \u00e0 la suite des d\u00e9boires judiciaires de l&rsquo;ancien maire Khalifa Sall. Malgr\u00e9 tout, Soham El Wardini m\u00e8ne seule sa barque pour obtenir un second mandat sous la banni\u00e8re de la coalition Union citoyenne\/Bunt Bi.<\/p>\n<p>Pape Diop, leader de Bokk Guiss Guiss (partager la m\u00eame vision, en langue wolof), et Doudou Wade, candidat de la coalition Wallu Askan Wi (Sauver le peuple, en langue wolof) du Parti d\u00e9mocratique s\u00e9n\u00e9galais (Pds), visent \u00e9galement le fauteuil de maire.<\/p>\n<p>Le premier veut retrouver le si\u00e8ge qu&rsquo;il a occup\u00e9 entre 2002 et 2009, alors que le second brigue pour la premi\u00e8re fois le suffrage des Dakarois.<\/p>\n<p>Ziguinchor, l&rsquo;autre grande convoitise<\/p>\n<p>Dans le Sud du pays, la question que tout le monde se pose est : qui s&#8217;emparera de la capitale de la Casamance ? Ziguinchor est en effet tr\u00e8s convoit\u00e9e. Trois hommes y sont en lice : le maire sortant Abdoulaye Bald\u00e9, le candidat d\u00e9sign\u00e9 du pr\u00e9sident Macky Sall, Beno\u00eet Sambou, et le leader de Pastef Ousmane Sonko. Selon plusieurs observateurs, tous les trois pr\u00e9tendants jouent leur avenir politique au m\u00eame titre que les autres ministres engag\u00e9s dans la course.<\/p>\n<p>Pour le premier scrutin local auquel son parti participe, Ousmane Sonko sait qu&rsquo;il a une obligation de r\u00e9sultats. Fort de son statut de principal opposant du pays et adul\u00e9 dans sa r\u00e9gion d&rsquo;origine, il part avec la faveur des pronostics. A la derni\u00e8re \u00e9lection pr\u00e9sidentielle, Sonko avait obtenu 15,67 % des voix valablement exprim\u00e9es.<\/p>\n<p>Une perc\u00e9e fulgurante pour ce novice en politique. En cas de victoire, il s&rsquo;ouvrirait davantage le champ des possibles en 2024. Pour ces principaux adversaires \u00e0 Ziguinchor, un revers serait synonyme de descente aux enfers.<\/p>\n<p>Abdoulaye Bald\u00e9 a claqu\u00e9 la porte de la coalition pr\u00e9sidentielle Benno Bokk Yakaar \u00e0 la fin de 2021 lorsque Macky Sall lui a pr\u00e9f\u00e9r\u00e9 Beno\u00eet Sambou. \u00a0Cette d\u00e9cision l&rsquo;a pouss\u00e9 \u00e0 cr\u00e9er sa propre coalition au sein de laquelle on retrouve d&rsquo;autres dissidents du pouvoir comme Doudou K\u00e2, le Directeur G\u00e9n\u00e9ral de l&rsquo;A\u00e9roport International Blaise Diagne de Diass (AIBD), un temps pressenti pour \u00eatre investi par la coalition pr\u00e9sidentielle.<\/p>\n<p>En misant sur l&rsquo;ancien ministre Beno\u00eet Sambou, qui avait perdu en 2014 face au maire sortant, le pr\u00e9sident Macky Sall joue gros. Son autorit\u00e9 est sap\u00e9e un peu partout avec des listes parall\u00e8les, notamment dans la grande ville du Nord, Saint-Louis, o\u00f9 son beau-fr\u00e8re, Mansour Faye, fait face \u00e0 son ancien ministre de l&rsquo;Enseignement sup\u00e9rieur, Mary Teuw Niane.<\/p>\n<p>Les 6.613.962 \u00e9lecteurs inscrits sur le fichier \u00e9lectoral vont d\u00e9partager les 3149 listes qui prennent part \u00e0 ces scrutins municipaux et d\u00e9partementaux.<\/p>\n<p>Cet article <a rel=\"nofollow\" href=\"https:\/\/www.journalducameroun.com\/senegal-des-elections-locales-aux-enjeux-nationaux\/\">S\u00e9n\u00e9gal : des \u00e9lections locales aux enjeux nationaux<\/a> est apparu en premier sur <a rel=\"nofollow\" href=\"https:\/\/www.journalducameroun.com\/\">Journal du Cameroun<\/a>.<\/p>\n<\/div>\n<p>Auteur: APA News<br \/>\n<a href=\"https:\/\/www.journalducameroun.com\/senegal-des-elections-locales-aux-enjeux-nationaux\/\">Cliquez ici pour lire l&rsquo;article depuis sa source.<\/a><\/p>\n","protected":false},"excerpt":{"rendered":"<p>Bien que territoriales, les \u00e9lections de ce 23 janvier 2022 n&rsquo;en demeurent pas moins une confrontation nationale entre la mouvance pr\u00e9sidentielle et une opposition h\u00e9t\u00e9roclite qui esp\u00e8re frapper un grand coup avant les L\u00e9gislatives pr\u00e9vues cette ann\u00e9e et la Pr\u00e9sidentielle de 2024.L&rsquo;alternance, c&rsquo;est d&rsquo;abord au niveau local. En 2009, l&rsquo;opposition \u00e0 l&rsquo;ancien pr\u00e9sident Abdoulaye Wade [&hellip;]<\/p>\n","protected":false},"author":1965,"featured_media":0,"comment_status":"closed","ping_status":"closed","sticky":false,"template":"","format":"standard","meta":{"fifu_image_url":"https:\/\/www.journalducameroun.com\/wp-content\/uploads\/2022\/01\/16428538833897.jpg","fifu_image_alt":"S\u00e9n\u00e9gal : des \u00e9lections locales aux enjeux nationaux","footnotes":""},"categories":[73,82],"tags":[],"class_list":["post-139180","post","type-post","status-publish","format-standard","hentry","category-actualite","category-cameroun"],"_links":{"self":[{"href":"https:\/\/linitiative.ca\/International\/wp-json\/wp\/v2\/posts\/139180","targetHints":{"allow":["GET"]}}],"collection":[{"href":"https:\/\/linitiative.ca\/International\/wp-json\/wp\/v2\/posts"}],"about":[{"href":"https:\/\/linitiative.ca\/International\/wp-json\/wp\/v2\/types\/post"}],"author":[{"embeddable":true,"href":"https:\/\/linitiative.ca\/International\/wp-json\/wp\/v2\/users\/1965"}],"replies":[{"embeddable":true,"href":"https:\/\/linitiative.ca\/International\/wp-json\/wp\/v2\/comments?post=139180"}],"version-history":[{"count":0,"href":"https:\/\/linitiative.ca\/International\/wp-json\/wp\/v2\/posts\/139180\/revisions"}],"wp:attachment":[{"href":"https:\/\/linitiative.ca\/International\/wp-json\/wp\/v2\/media?parent=139180"}],"wp:term":[{"taxonomy":"category","embeddable":true,"href":"https:\/\/linitiative.ca\/International\/wp-json\/wp\/v2\/categories?post=139180"},{"taxonomy":"post_tag","embeddable":true,"href":"https:\/\/linitiative.ca\/International\/wp-json\/wp\/v2\/tags?post=139180"}],"curies":[{"name":"wp","href":"https:\/\/api.w.org\/{rel}","templated":true}]}}