{"id":139186,"date":"2022-01-22T11:47:40","date_gmt":"2022-01-22T16:47:40","guid":{"rendered":"https:\/\/linitiative.ca\/International\/cameroun-comore-12-cas-de-covid-chez-les-comoriens\/"},"modified":"2022-01-22T11:47:40","modified_gmt":"2022-01-22T16:47:40","slug":"cameroun-comore-12-cas-de-covid-chez-les-comoriens","status":"publish","type":"post","link":"https:\/\/linitiative.ca\/International\/cameroun-comore-12-cas-de-covid-chez-les-comoriens\/","title":{"rendered":"Cameroun-Comore: 12 cas de Covid chez les comoriens"},"content":{"rendered":"<div>\n<p>Lundi 24 janvier , le Cameroun pays h\u00f4te de la 33\u00e8 \u00e9dition de la coupe d\u2019Afrique des nations affronte les Comores pour leur huiti\u00e8me de finale.<\/p>\n<p>Les C\u0153lacanthes qui ont pu sortir des poules dans le groupe gr\u00e2ce \u00e0 la formule des meilleurs troisi\u00e8me font face \u00e0 une situation terrible.<\/p>\n<p>La derni\u00e8re s\u00e9ance de test Covid-19 a r\u00e9v\u00e9l\u00e9 12 membres du staff positifs. parmi ces 12 cas on retrouve\u00a0 le s\u00e9lectionneur et les deux gardiens valides.<\/p>\n<p>Quand on sait que le gardien titulaire est bless\u00e9 depuis le match contre le Ghana, l\u2019\u00e9quation s\u2019annonce rude pour les braves comoriens qui affrontent une \u00e9quipe des lions indomptables au complet.<\/p>\n<p>L\u2019article <a rel=\"nofollow\" href=\"https:\/\/ecomatin.net\/12-cas-covid-19-chez-les-comoriens\/\">Cameroun-Comore: 12 cas de Covid chez les comoriens<\/a> est apparu en premier sur <a rel=\"nofollow\" href=\"https:\/\/ecomatin.net\/\">EcoMatin<\/a>.<\/p>\n<\/div>\n<p>Auteur: EcoMatin<br \/>\n<a href=\"https:\/\/ecomatin.net\/12-cas-covid-19-chez-les-comoriens\/\">Cliquez ici pour lire l&rsquo;article depuis sa source.<\/a><\/p>\n","protected":false},"excerpt":{"rendered":"<p>Lundi 24 janvier , le Cameroun pays h\u00f4te de la 33\u00e8 \u00e9dition de la coupe d\u2019Afrique des nations affronte les Comores pour leur huiti\u00e8me de finale. Les C\u0153lacanthes qui ont pu sortir des poules dans le groupe gr\u00e2ce \u00e0 la formule des meilleurs troisi\u00e8me font face \u00e0 une situation terrible. La derni\u00e8re s\u00e9ance de test [&hellip;]<\/p>\n","protected":false},"author":1969,"featured_media":0,"comment_status":"closed","ping_status":"closed","sticky":false,"template":"","format":"standard","meta":{"fifu_image_url":"","fifu_image_alt":"","footnotes":""},"categories":[82,78],"tags":[],"class_list":["post-139186","post","type-post","status-publish","format-standard","hentry","category-cameroun","category-economie"],"_links":{"self":[{"href":"https:\/\/linitiative.ca\/International\/wp-json\/wp\/v2\/posts\/139186","targetHints":{"allow":["GET"]}}],"collection":[{"href":"https:\/\/linitiative.ca\/International\/wp-json\/wp\/v2\/posts"}],"about":[{"href":"https:\/\/linitiative.ca\/International\/wp-json\/wp\/v2\/types\/post"}],"author":[{"embeddable":true,"href":"https:\/\/linitiative.ca\/International\/wp-json\/wp\/v2\/users\/1969"}],"replies":[{"embeddable":true,"href":"https:\/\/linitiative.ca\/International\/wp-json\/wp\/v2\/comments?post=139186"}],"version-history":[{"count":0,"href":"https:\/\/linitiative.ca\/International\/wp-json\/wp\/v2\/posts\/139186\/revisions"}],"wp:attachment":[{"href":"https:\/\/linitiative.ca\/International\/wp-json\/wp\/v2\/media?parent=139186"}],"wp:term":[{"taxonomy":"category","embeddable":true,"href":"https:\/\/linitiative.ca\/International\/wp-json\/wp\/v2\/categories?post=139186"},{"taxonomy":"post_tag","embeddable":true,"href":"https:\/\/linitiative.ca\/International\/wp-json\/wp\/v2\/tags?post=139186"}],"curies":[{"name":"wp","href":"https:\/\/api.w.org\/{rel}","templated":true}]}}