{"id":139197,"date":"2022-01-23T06:43:18","date_gmt":"2022-01-23T11:43:18","guid":{"rendered":"https:\/\/linitiative.ca\/International\/le-sg-de-lonu-appelle-toutes-les-parties-a-reprendre-le-processus-politique\/"},"modified":"2022-01-23T06:43:18","modified_gmt":"2022-01-23T11:43:18","slug":"le-sg-de-lonu-appelle-toutes-les-parties-a-reprendre-le-processus-politique","status":"publish","type":"post","link":"https:\/\/linitiative.ca\/International\/le-sg-de-lonu-appelle-toutes-les-parties-a-reprendre-le-processus-politique\/","title":{"rendered":"Le SG de l\u2019ONU appelle toutes les parties \u00e0 reprendre le processus politique"},"content":{"rendered":"<div>\n<p class=\"has-vivid-cyan-blue-color has-text-color\"><strong>Le Secr\u00e9taire g\u00e9n\u00e9ral de l\u2019ONU, Antonio Guterres, a appel\u00e9 toutes les parties au conflit autour du Sahara marocain \u00e0 reprendre le processus politique en vue de parvenir \u00e0 une solution \u00e0 ce diff\u00e9rend r\u00e9gional.<\/strong><\/p>\n<p>\u00ab\u00a0Il est temps pour les parties de comprendre la n\u00e9cessit\u00e9 d\u2019un dialogue qui tend \u00e0 aboutir \u00e0 une solution\u00a0\u00bb \u00e0 la question du Sahara, \u201cun probl\u00e8me qui dure depuis plusieurs d\u00e9cennies\u201d, a soulign\u00e9 M. Guterres lors d\u2019une conf\u00e9rence de presse tenue vendredi \u00e0 New York. Le SG de l\u2019ONU a \u00e9galement indiqu\u00e9 qu\u2019\u201cil est dans l\u2019int\u00e9r\u00eat de tous de r\u00e9soudre une fois pour toutes\u201d ce diff\u00e9rend au vu des d\u00e9fis auxquels est confront\u00e9e la r\u00e9gion.<\/p>\n<p>\u201cIl s\u2019agit d\u2019un probl\u00e8me qui dure depuis plusieurs d\u00e9cennies dans une r\u00e9gion du monde o\u00f9 il y a des probl\u00e8mes de s\u00e9curit\u00e9 d\u2019extr\u00eame gravit\u00e9 et o\u00f9 nous voyons le terrorisme comme une menace qui prend de l\u2019ampleur\u201d, a-t-il ajout\u00e9. M. Guterres a cit\u00e9, dans ce cadre, les probl\u00e8mes de s\u00e9curit\u00e9 dans la r\u00e9gion du Sahel, en indiquant que \u201cnous constatons de plus en plus ces probl\u00e8mes sur la c\u00f4te\u00a0\u00bb.<\/p>\n<p>A la lumi\u00e8re de ces d\u00e9fis, \u201cil est temps pour les parties de comprendre le besoin pour un dialogue qui tend \u00e0 aboutir \u00e0 une solution et non pas \u00e0 maintenir un processus sans fin et sans l\u2019espoir certain d\u2019une solution\u00a0\u00bb, a poursuivi le SG de l\u2019ONU. L\u2019appel de M. Guterres intervient \u00e0 l\u2019heure o\u00f9 son Envoy\u00e9 personnel pour le Sahara marocain, M. Staffan de Mistura, vient de boucler une visite dans la r\u00e9gion.<\/p>\n<p>Ce d\u00e9placement s\u2019inscrit dans le cadre de la mise en \u0153uvre de la r\u00e9solution 2602 du Conseil de S\u00e9curit\u00e9, adopt\u00e9e le 29 octobre 2021, dans laquelle l\u2019Instance ex\u00e9cutive de l\u2019ONU r\u00e9it\u00e8re son appel aux parties, en l\u2019occurrence le Maroc, l\u2019Alg\u00e9rie, la Mauritanie et le +polisario+, \u00e0 reprendre le processus des tables rondes, dans un esprit de r\u00e9alisme et de compromis, pour parvenir \u00e0 une solution politique r\u00e9aliste, pragmatique, durable et bas\u00e9e sur le compromis.<\/p>\n<p>L\u2019article <a rel=\"nofollow\" href=\"http:\/\/albayane.press.ma\/le-sg-de-lonu-appelle-toutes-les-parties-a-reprendre-le-processus-politique.html\">Le SG de l\u2019ONU appelle toutes les parties \u00e0 reprendre le processus politique<\/a> est apparu en premier sur <a rel=\"nofollow\" href=\"http:\/\/albayane.press.ma\/\">ALBAYANE<\/a>.<\/p>\n<\/div>\n<p>Auteur: M&rsquo;hammed rahal<br \/>\n<a href=\"http:\/\/albayane.press.ma\/le-sg-de-lonu-appelle-toutes-les-parties-a-reprendre-le-processus-politique.html\">Cliquez ici pour lire l&rsquo;article depuis sa source.<\/a><\/p>\n","protected":false},"excerpt":{"rendered":"<p>Le Secr\u00e9taire g\u00e9n\u00e9ral de l\u2019ONU, Antonio Guterres, a appel\u00e9 toutes les parties au conflit autour du Sahara marocain \u00e0 reprendre le processus politique en vue de parvenir \u00e0 une solution \u00e0 ce diff\u00e9rend r\u00e9gional. \u00ab\u00a0Il est temps pour les parties de comprendre la n\u00e9cessit\u00e9 d\u2019un dialogue qui tend \u00e0 aboutir \u00e0 une solution\u00a0\u00bb \u00e0 la [&hellip;]<\/p>\n","protected":false},"author":1760,"featured_media":0,"comment_status":"closed","ping_status":"closed","sticky":false,"template":"","format":"standard","meta":{"fifu_image_url":"","fifu_image_alt":"","footnotes":""},"categories":[73,54],"tags":[],"class_list":["post-139197","post","type-post","status-publish","format-standard","hentry","category-actualite","category-maroc"],"_links":{"self":[{"href":"https:\/\/linitiative.ca\/International\/wp-json\/wp\/v2\/posts\/139197","targetHints":{"allow":["GET"]}}],"collection":[{"href":"https:\/\/linitiative.ca\/International\/wp-json\/wp\/v2\/posts"}],"about":[{"href":"https:\/\/linitiative.ca\/International\/wp-json\/wp\/v2\/types\/post"}],"author":[{"embeddable":true,"href":"https:\/\/linitiative.ca\/International\/wp-json\/wp\/v2\/users\/1760"}],"replies":[{"embeddable":true,"href":"https:\/\/linitiative.ca\/International\/wp-json\/wp\/v2\/comments?post=139197"}],"version-history":[{"count":0,"href":"https:\/\/linitiative.ca\/International\/wp-json\/wp\/v2\/posts\/139197\/revisions"}],"wp:attachment":[{"href":"https:\/\/linitiative.ca\/International\/wp-json\/wp\/v2\/media?parent=139197"}],"wp:term":[{"taxonomy":"category","embeddable":true,"href":"https:\/\/linitiative.ca\/International\/wp-json\/wp\/v2\/categories?post=139197"},{"taxonomy":"post_tag","embeddable":true,"href":"https:\/\/linitiative.ca\/International\/wp-json\/wp\/v2\/tags?post=139197"}],"curies":[{"name":"wp","href":"https:\/\/api.w.org\/{rel}","templated":true}]}}