{"id":139198,"date":"2022-01-23T06:47:54","date_gmt":"2022-01-23T11:47:54","guid":{"rendered":"https:\/\/linitiative.ca\/International\/le-conseil-de-gouvernement-adopte-un-projet-de-decret-sur-la-composition-de-la-commission-nationale\/"},"modified":"2022-01-23T06:47:54","modified_gmt":"2022-01-23T11:47:54","slug":"le-conseil-de-gouvernement-adopte-un-projet-de-decret-sur-la-composition-de-la-commission-nationale","status":"publish","type":"post","link":"https:\/\/linitiative.ca\/International\/le-conseil-de-gouvernement-adopte-un-projet-de-decret-sur-la-composition-de-la-commission-nationale\/","title":{"rendered":"Le Conseil de gouvernement adopte un projet de d\u00e9cret sur la composition de la commission nationale"},"content":{"rendered":"<div>\n<p class=\"has-text-align-center has-vivid-red-color has-text-color\"><strong>Conseil de s\u00e9curit\u00e9: terrorisme et armement<\/strong><\/p>\n<p class=\"has-vivid-cyan-blue-color has-text-color\"><strong>Le conseil de gouvernement, r\u00e9uni par visioconf\u00e9rence jeudi \u00e0 Rabat sous la pr\u00e9sidence du chef du gouvernement, Aziz Akhannouch, a adopt\u00e9 le projet de d\u00e9cret 2.22.27 modifiant et compl\u00e9tant le d\u00e9cret 2.21.484 (3 ao\u00fbt 2021) relatif \u00e0 la composition de la commission nationale charg\u00e9e de l\u2019application des sanctions prises par le Conseil de s\u00e9curit\u00e9 en relation avec le terrorisme et la propagation de l\u2019armement, leur financement et leurs modes d\u2019exploitation.<\/strong><\/p>\n<p>Pr\u00e9sent\u00e9 par le ministre de la Justice, Abdellatif Ouahbi, ce texte vise \u00e0 ajouter deux secteurs vitaux \u00e0 la composition de ladite commission, en l\u2019occurrence la Direction G\u00e9n\u00e9rale des \u00c9tudes et de la Documentation et l\u2019Agence Nationale de la Conservation Fonci\u00e8re du Cadastre et de la Cartographie, au vu du r\u00f4le agissant et strat\u00e9gique de ces deux institutions dans l\u2019exercice des attributions conf\u00e9r\u00e9es \u00e0 la commission, a indiqu\u00e9 le ministre d\u00e9l\u00e9gu\u00e9 charg\u00e9 des Relations avec le parlement, Porte-parole du gouvernement, Mustapha Baitas, lors d\u2019un point de presse \u00e0 l\u2019issue du Conseil.<\/p>\n<p>L\u2019ajout des deux institutions tient \u00e9galement compte de la valeur ajout\u00e9e que conf\u00e9rera leur repr\u00e9sentativit\u00e9 \u00e0 l\u2019action de la commission en mati\u00e8re d\u2019application des sanctions contenues dans les r\u00e9solutions du Conseil de s\u00e9curit\u00e9 de l\u2019ONU en relation avec le terrorisme et la propagation de l\u2019armement, leur financement et leurs modes d\u2019exploitation.<\/p>\n<p>La cr\u00e9ation de la commission a \u00e9t\u00e9 d\u00e9cid\u00e9e dans le cadre de l\u2019action et des efforts du Maroc visant \u00e0 mettre le syst\u00e8me national de lutte contre le blanchiment d\u2019argent et le financement du terrorisme au diapason des 40 recommandations du Groupe d\u2019action financi\u00e8re sur le blanchiment de capitaux (GAFI) et des 11 r\u00e9sultats imm\u00e9diats, \u00e0 travers la loi 12.18 modifiant et compl\u00e9tant le Code p\u00e9nal et la loi 43.05 relative \u00e0 la lutte contre le blanchiment de capitaux qui illustrent l\u2019engagement du Royaume \u00e0 faire valoir les standards internationaux en la mati\u00e8re.<\/p>\n<p>L\u2019article <a rel=\"nofollow\" href=\"http:\/\/albayane.press.ma\/le-conseil-de-gouvernement-adopte-un-projet-de-decret-sur-la-composition-de-la-commission-nationale.html\">Le Conseil de gouvernement adopte un projet de d\u00e9cret sur la composition de la commission nationale<\/a> est apparu en premier sur <a rel=\"nofollow\" href=\"http:\/\/albayane.press.ma\/\">ALBAYANE<\/a>.<\/p>\n<\/div>\n<p>Auteur: M&rsquo;hammed rahal<br \/>\n<a href=\"http:\/\/albayane.press.ma\/le-conseil-de-gouvernement-adopte-un-projet-de-decret-sur-la-composition-de-la-commission-nationale.html\">Cliquez ici pour lire l&rsquo;article depuis sa source.<\/a><\/p>\n","protected":false},"excerpt":{"rendered":"<p>Conseil de s\u00e9curit\u00e9: terrorisme et armement Le conseil de gouvernement, r\u00e9uni par visioconf\u00e9rence jeudi \u00e0 Rabat sous la pr\u00e9sidence du chef du gouvernement, Aziz Akhannouch, a adopt\u00e9 le projet de d\u00e9cret 2.22.27 modifiant et compl\u00e9tant le d\u00e9cret 2.21.484 (3 ao\u00fbt 2021) relatif \u00e0 la composition de la commission nationale charg\u00e9e de l\u2019application des sanctions prises [&hellip;]<\/p>\n","protected":false},"author":1760,"featured_media":0,"comment_status":"closed","ping_status":"closed","sticky":false,"template":"","format":"standard","meta":{"fifu_image_url":"","fifu_image_alt":"","footnotes":""},"categories":[73,54],"tags":[],"class_list":["post-139198","post","type-post","status-publish","format-standard","hentry","category-actualite","category-maroc"],"_links":{"self":[{"href":"https:\/\/linitiative.ca\/International\/wp-json\/wp\/v2\/posts\/139198","targetHints":{"allow":["GET"]}}],"collection":[{"href":"https:\/\/linitiative.ca\/International\/wp-json\/wp\/v2\/posts"}],"about":[{"href":"https:\/\/linitiative.ca\/International\/wp-json\/wp\/v2\/types\/post"}],"author":[{"embeddable":true,"href":"https:\/\/linitiative.ca\/International\/wp-json\/wp\/v2\/users\/1760"}],"replies":[{"embeddable":true,"href":"https:\/\/linitiative.ca\/International\/wp-json\/wp\/v2\/comments?post=139198"}],"version-history":[{"count":0,"href":"https:\/\/linitiative.ca\/International\/wp-json\/wp\/v2\/posts\/139198\/revisions"}],"wp:attachment":[{"href":"https:\/\/linitiative.ca\/International\/wp-json\/wp\/v2\/media?parent=139198"}],"wp:term":[{"taxonomy":"category","embeddable":true,"href":"https:\/\/linitiative.ca\/International\/wp-json\/wp\/v2\/categories?post=139198"},{"taxonomy":"post_tag","embeddable":true,"href":"https:\/\/linitiative.ca\/International\/wp-json\/wp\/v2\/tags?post=139198"}],"curies":[{"name":"wp","href":"https:\/\/api.w.org\/{rel}","templated":true}]}}