{"id":139199,"date":"2022-01-23T06:49:56","date_gmt":"2022-01-23T11:49:56","guid":{"rendered":"https:\/\/linitiative.ca\/International\/un-think-tank-canadien-interpelle-lonu\/"},"modified":"2022-01-23T06:49:56","modified_gmt":"2022-01-23T11:49:56","slug":"un-think-tank-canadien-interpelle-lonu","status":"publish","type":"post","link":"https:\/\/linitiative.ca\/International\/un-think-tank-canadien-interpelle-lonu\/","title":{"rendered":"Un think tank canadien interpelle l\u2019ONU"},"content":{"rendered":"<div>\n<p class=\"has-text-align-center has-vivid-red-color has-text-color\"><strong>Sort des enfants-soldats dans les camps de Tindouf<\/strong><\/p>\n<p class=\"has-vivid-cyan-blue-color has-text-color\"><strong>Le centre de r\u00e9flexion canadien \u00ab\u00a0PoliSens\u00a0\u00bb, bas\u00e9 \u00e0 Ottawa, a interpell\u00e9 l\u2019organisation des Nations Unies sur le sort des enfants-soldats dans les camps de Tindouf, au Sud-ouest de l\u2019Alg\u00e9rie, soulignant que leur enr\u00f4lement militaire par les milices du +polisario+ est un \u00ab\u00a0crime de guerre\u00a0\u00bb.<\/strong><\/p>\n<p>\u201cIl devient \u00e9vident que nous sommes face \u00e0 un processus de recrutement syst\u00e9matique\u201d auquel sont assujettis les enfants aux mains des s\u00e9paratistes du +polisario+, a affirm\u00e9 le pr\u00e9sident du think tank, Abdelkader Filali, dans une lettre adress\u00e9e \u00e0 la Repr\u00e9sentante sp\u00e9ciale du SG de l\u2019ONU pour le sort des enfants et les conflits arm\u00e9s, Virginia Gamba.<\/p>\n<p>Il a, dans ce cadre, relev\u00e9 que l\u2019envoy\u00e9 personnel du Secr\u00e9taire g\u00e9n\u00e9ral de l\u2019ONU pour le Sahara, Staffan de Mistura, a \u00e9t\u00e9 re\u00e7u, lors de sa visite dans les camps de Tindouf, par des enfants-soldats alors qu\u2019ils sont cens\u00e9s \u00eatre sur les bancs de l\u2019\u00e9cole.<\/p>\n<p>Lors de d\u00e9fil\u00e9s militaires \u00e0 Tindouf \u00e0 l\u2019occasion de cette visite, la communaut\u00e9 internationale a \u00e9t\u00e9 \u201cchoqu\u00e9e\u201d par des vid\u00e9os et selfies \u00ab\u00a0bouleversants\u00a0\u00bb de jeunes enfants en treillis, s\u2019est indign\u00e9 le centre de r\u00e9flexion, soulignant qu\u2019il s\u2019agit d\u2019une \u201cpreuve sans \u00e9quivoque\u201d que le +polisario+ endoctrine et embrigade ces enfants sur le sol alg\u00e9rien, au m\u00e9pris du droit international.<\/p>\n<p>Il a rappel\u00e9 que des organisations de la soci\u00e9t\u00e9 civile ont exprim\u00e9 \u00e0 maintes reprises leurs pr\u00e9occupations concernant ces violations des droits des enfants qui s\u2019\u00e9tendent sur plusieurs ann\u00e9es.<\/p>\n<p>En vertu des conventions onusiennes et du Statut de Rome de la Cour p\u00e9nale internationale, ces agissements constituent des \u201ccrime international\u201d, un \u201cacte inhumain\u00a0\u00bb et un \u201ccrime de guerre\u201d, a fait observer le think tank canadien, pr\u00e9cisant que le recrutement militaire des enfants par le +polisario+ ne date pas d\u2019aujourd\u2019hui.<\/p>\n<p>Ce ph\u00e9nom\u00e8ne remonte \u00e0 1982 lorsque les enfants \u00e9taient arrach\u00e9s \u00e0 leurs parents dans les camps de Tindouf sur le territoire alg\u00e9rien pour \u00eatre envoy\u00e9s de force vers Cuba, a fait remarquer l\u2019Institut dans sa lettre \u00e0 l\u2019ONU, ajoutant que plus de 8.000 enfants sahraouis \u201cont v\u00e9cu l\u2019enfer dans ces circonstances inhumaines\u201d.<\/p>\n<p>L\u2019institut PoliSens a, en outre, appel\u00e9 \u00e0 la publication d\u2019une liste compl\u00e8te des auteurs de violations \u201cgraves\u201d dans les camps de Tindouf en Alg\u00e9rie, en ajoutant les groupes accabl\u00e9s par des preuves solides pour agressions \u00e0 l\u2019\u00e9gard des enfants-soldats.<\/p>\n<p>Il a, dans ce contexte, jug\u00e9 imp\u00e9ratif de se doter d\u2019un outil \u201csolide et efficace\u201d pour garantir la protection des enfants dans les conflits arm\u00e9s et assurer la reddition des comptes pour les violations qu\u2019ils subissent de par le monde, y compris dans les camps de Tindouf.<\/p>\n<p>L\u2019article <a rel=\"nofollow\" href=\"http:\/\/albayane.press.ma\/un-think-tank-canadien-interpelle-lonu.html\">Un think tank canadien interpelle l\u2019ONU<\/a> est apparu en premier sur <a rel=\"nofollow\" href=\"http:\/\/albayane.press.ma\/\">ALBAYANE<\/a>.<\/p>\n<\/div>\n<p>Auteur: M&rsquo;hammed rahal<br \/>\n<a href=\"http:\/\/albayane.press.ma\/un-think-tank-canadien-interpelle-lonu.html\">Cliquez ici pour lire l&rsquo;article depuis sa source.<\/a><\/p>\n","protected":false},"excerpt":{"rendered":"<p>Sort des enfants-soldats dans les camps de Tindouf Le centre de r\u00e9flexion canadien \u00ab\u00a0PoliSens\u00a0\u00bb, bas\u00e9 \u00e0 Ottawa, a interpell\u00e9 l\u2019organisation des Nations Unies sur le sort des enfants-soldats dans les camps de Tindouf, au Sud-ouest de l\u2019Alg\u00e9rie, soulignant que leur enr\u00f4lement militaire par les milices du +polisario+ est un \u00ab\u00a0crime de guerre\u00a0\u00bb. \u201cIl devient \u00e9vident [&hellip;]<\/p>\n","protected":false},"author":1760,"featured_media":0,"comment_status":"closed","ping_status":"closed","sticky":false,"template":"","format":"standard","meta":{"fifu_image_url":"","fifu_image_alt":"","footnotes":""},"categories":[73,54],"tags":[],"class_list":["post-139199","post","type-post","status-publish","format-standard","hentry","category-actualite","category-maroc"],"_links":{"self":[{"href":"https:\/\/linitiative.ca\/International\/wp-json\/wp\/v2\/posts\/139199","targetHints":{"allow":["GET"]}}],"collection":[{"href":"https:\/\/linitiative.ca\/International\/wp-json\/wp\/v2\/posts"}],"about":[{"href":"https:\/\/linitiative.ca\/International\/wp-json\/wp\/v2\/types\/post"}],"author":[{"embeddable":true,"href":"https:\/\/linitiative.ca\/International\/wp-json\/wp\/v2\/users\/1760"}],"replies":[{"embeddable":true,"href":"https:\/\/linitiative.ca\/International\/wp-json\/wp\/v2\/comments?post=139199"}],"version-history":[{"count":0,"href":"https:\/\/linitiative.ca\/International\/wp-json\/wp\/v2\/posts\/139199\/revisions"}],"wp:attachment":[{"href":"https:\/\/linitiative.ca\/International\/wp-json\/wp\/v2\/media?parent=139199"}],"wp:term":[{"taxonomy":"category","embeddable":true,"href":"https:\/\/linitiative.ca\/International\/wp-json\/wp\/v2\/categories?post=139199"},{"taxonomy":"post_tag","embeddable":true,"href":"https:\/\/linitiative.ca\/International\/wp-json\/wp\/v2\/tags?post=139199"}],"curies":[{"name":"wp","href":"https:\/\/api.w.org\/{rel}","templated":true}]}}