{"id":139200,"date":"2022-01-23T06:55:31","date_gmt":"2022-01-23T11:55:31","guid":{"rendered":"https:\/\/linitiative.ca\/International\/alger-au-fond-de-lisolement\/"},"modified":"2022-01-23T06:55:31","modified_gmt":"2022-01-23T11:55:31","slug":"alger-au-fond-de-lisolement","status":"publish","type":"post","link":"https:\/\/linitiative.ca\/International\/alger-au-fond-de-lisolement\/","title":{"rendered":"Alger au fond de l\u2019isolement!"},"content":{"rendered":"<div>\n<p class=\"has-text-color\" style=\"color:#064be5\"><strong>L\u2019\u00e9tau se resserre sur le r\u00e9gime militariste de notre voisin de l\u2019est. A force de s\u2019acharner \u00e0 faire la roue tel un paon hautain, en d\u00e9pit de ses multiples revers, il finit par se d\u00e9couvrir le derri\u00e8re, pour paraphraser le po\u00e8te fran\u00e7ais, Guillaume Apollinaire.<\/strong><\/p>\n<p>Elle est si bien r\u00e9volue l\u2019\u00e8re \u00abrouge\u00bb de la guerre froide dont le r\u00eave \u00a0nostalgique a toujours fait illusionner la junte d\u2019Alger. Aujourd\u2019hui, cette d\u00e9sillusion am\u00e8re devient une r\u00e9alit\u00e9 que les g\u00e9n\u00e9raux tentent vainement d\u2019occulter par leur subterfuge ex\u00e9crable. En fait, l\u2019attitude paonne et perfide les couvre de discr\u00e9dit aussi bien au sein de la r\u00e9gion que dans le giron universel, au point de s\u2019en retrouver en marge de la reconstitution r\u00e9gionale\u00a0 au c\u0153ur de laquelle le Maroc tr\u00f4ne en posture de choix.<\/p>\n<p>Dans ce sens, on retient le report du sommet arabe qui devait se tenir en Alg\u00e9rie, probablement en raison du \u00abretrait\u00bb de nombre de pays du golf, fort\u00ab\u00a0froiss\u00e9s\u00a0\u00bb par le comportement des galonn\u00e9s alg\u00e9rois et en conduite solidaire avec la position loyale du royaume pour la question du Sahara. Il convient de relever que le prochain sommet de l\u2019Union Africaine dont la pr\u00e9sidence cette fois-ci, reviendra au S\u00e9n\u00e9gal, un fervent alli\u00e9 du Maroc, scellera, sans doute, l\u2019expulsion\u00a0du Polisario, fallacieusement incorpor\u00e9 dans l\u2019instance de l\u2019ancienne Organisation de l\u2019Unit\u00e9 Africaine (OUA), en plus de l\u2019acception de l\u2019adh\u00e9rence d\u2019Isra\u00ebl, \u00e0 titre d\u2019observateur.<\/p>\n<p>De surcro\u00eet, il se serait apparemment agi de l\u2019exemption de l\u2019Alg\u00e9rie de la tenue des\u00a0 jeux m\u00e9diterran\u00e9ens vers une autre contr\u00e9e, pour les m\u00eames causes d\u2019antipathie. En effet, la soldates que du palais d\u2019El Mouradia, mise dans de mauvais draps, semble \u00eatre d\u00e9contenanc\u00e9, d\u2019autant plus qu\u2019elle s\u2019obstine \u00e0 d\u00e9roger aux valeurs de la paix et de la cohabitation, tout en sachant que beaucoup d\u2019eaux ont coul\u00e9 sous les ponts, depuis l\u2019\u00e9poque de l\u2019h\u00e9g\u00e9monisme b\u00e9at.<\/p>\n<p>Sans vergogne, les galonn\u00e9s born\u00e9s de l\u2019Alg\u00e9rie continuent \u00e0 cracher dans la soupe d\u2019un Maghreb d\u00e9suni et disparate, au grand service de l\u2019imp\u00e9rialisme et du n\u00e9olib\u00e9ralisme mondial. Au bout du cuisant \u00e9chec du projet expansionniste au mirage duquel ils n\u2019ont pas eu de cesse de songer, au lendemain de la prise de pouvoir, ils s\u2019ing\u00e9nient \u00e0 y faire face, alors que ni la conjoncture interne, marqu\u00e9e de fortes agitations, ni les rapports externes avec son environnement ne leur permettent d\u2019exister encore davantage.<\/p>\n<p>La succession des d\u00e9boires qu\u2019ils essuient dans les diff\u00e9rents affronts, leur fait perdre le nord et les incite \u00e0 brandir la hache de guerre au voisin de l\u2019ouest qu\u2019ils ne font, au fait, que d\u00e9terrer, depuis celle des sables. Une guerre \u00ab\u00a0froide et chaude\u00a0\u00bb dont ils ont l\u2019habitude de perdre les batailles sur la ligne, contre une nation pacifiste, mais brave, digne et s\u00e9culairement circonspecte.<\/p>\n<p>L\u2019article <a rel=\"nofollow\" href=\"http:\/\/albayane.press.ma\/alger-au-fond-de-lisolement.html\">Alger au fond de l\u2019isolement!<\/a> est apparu en premier sur <a rel=\"nofollow\" href=\"http:\/\/albayane.press.ma\/\">ALBAYANE<\/a>.<\/p>\n<\/div>\n<p>Auteur: M&rsquo;hammed rahal<br \/>\n<a href=\"http:\/\/albayane.press.ma\/alger-au-fond-de-lisolement.html\">Cliquez ici pour lire l&rsquo;article depuis sa source.<\/a><\/p>\n","protected":false},"excerpt":{"rendered":"<p>L\u2019\u00e9tau se resserre sur le r\u00e9gime militariste de notre voisin de l\u2019est. A force de s\u2019acharner \u00e0 faire la roue tel un paon hautain, en d\u00e9pit de ses multiples revers, il finit par se d\u00e9couvrir le derri\u00e8re, pour paraphraser le po\u00e8te fran\u00e7ais, Guillaume Apollinaire. Elle est si bien r\u00e9volue l\u2019\u00e8re \u00abrouge\u00bb de la guerre froide [&hellip;]<\/p>\n","protected":false},"author":1760,"featured_media":0,"comment_status":"closed","ping_status":"closed","sticky":false,"template":"","format":"standard","meta":{"fifu_image_url":"","fifu_image_alt":"","footnotes":""},"categories":[73,54],"tags":[],"class_list":["post-139200","post","type-post","status-publish","format-standard","hentry","category-actualite","category-maroc"],"_links":{"self":[{"href":"https:\/\/linitiative.ca\/International\/wp-json\/wp\/v2\/posts\/139200","targetHints":{"allow":["GET"]}}],"collection":[{"href":"https:\/\/linitiative.ca\/International\/wp-json\/wp\/v2\/posts"}],"about":[{"href":"https:\/\/linitiative.ca\/International\/wp-json\/wp\/v2\/types\/post"}],"author":[{"embeddable":true,"href":"https:\/\/linitiative.ca\/International\/wp-json\/wp\/v2\/users\/1760"}],"replies":[{"embeddable":true,"href":"https:\/\/linitiative.ca\/International\/wp-json\/wp\/v2\/comments?post=139200"}],"version-history":[{"count":0,"href":"https:\/\/linitiative.ca\/International\/wp-json\/wp\/v2\/posts\/139200\/revisions"}],"wp:attachment":[{"href":"https:\/\/linitiative.ca\/International\/wp-json\/wp\/v2\/media?parent=139200"}],"wp:term":[{"taxonomy":"category","embeddable":true,"href":"https:\/\/linitiative.ca\/International\/wp-json\/wp\/v2\/categories?post=139200"},{"taxonomy":"post_tag","embeddable":true,"href":"https:\/\/linitiative.ca\/International\/wp-json\/wp\/v2\/tags?post=139200"}],"curies":[{"name":"wp","href":"https:\/\/api.w.org\/{rel}","templated":true}]}}