{"id":139201,"date":"2022-01-23T07:02:11","date_gmt":"2022-01-23T12:02:11","guid":{"rendered":"https:\/\/linitiative.ca\/International\/la-femme-marocaine-traditionnelle-a-lhonneur\/"},"modified":"2022-01-23T07:02:11","modified_gmt":"2022-01-23T12:02:11","slug":"la-femme-marocaine-traditionnelle-a-lhonneur","status":"publish","type":"post","link":"https:\/\/linitiative.ca\/International\/la-femme-marocaine-traditionnelle-a-lhonneur\/","title":{"rendered":"La femme marocaine traditionnelle \u00e0 l\u2019honneur"},"content":{"rendered":"<div>\n<p class=\"has-text-align-center has-vivid-red-color has-text-color\"><strong>Vernissage de l\u2019exposition de Belkadi \u00e0 la Medina Art Gallery<\/strong><\/p>\n<p class=\"has-text-align-right\"><strong>Karim Ben Amar<\/strong><\/p>\n<p class=\"has-vivid-cyan-blue-color has-text-color\"><strong>La galerie Medina Art Gallery \u00e0 Tanger abrite l\u2019exposition \u00ab\u00a0IC\u00d4NOMANIA\u00a0\u00bb de l\u2019artiste peintre Mustapha Belkadi jusqu\u2019au 31 janvier. L\u2019\u00e9quipe d\u2019Al Bayane \u00e9tait pr\u00e9sente au vernissage organis\u00e9 le vendredi 21 janvier. Adepte de la peinture figuratif, l\u2019artiste natif de T\u00e9touan, nous livre \u00e0 travers son travail le v\u00e9cu du marocain tiraill\u00e9 entre la culture Orientale et Occidentale, toujours avec une touche comique et emplie d\u2019intrigue. Tour d\u2019horizon.<\/strong><\/p>\n<p>Du beau monde ce vendredi 21 janvier \u00e0 la Medina Art Gallery \u00e0 l\u2019occasion du vernissage de l\u2019exposition de Mustapha Belkadi. Entre collectionneurs, \u00e9tudiants, passionn\u00e9s ou curieux, la galerie situ\u00e9e dans la rue Antaki, n\u2019a pas d\u00e9sempli.<\/p>\n<p>Mustapha Belkadi est un fervent adepte de la peinture figuratif. Consid\u00e9r\u00e9 comme un praticien de l\u2019art moderne, son travail \u00e0 la particularit\u00e9 d\u2019\u00eatre bien singulier. Dans cette nouvelle exposition, l\u2019artiste peintre n\u2019a pas manqu\u00e9 de rappeler dans son travail l\u2019actualit\u00e9\u00a0: pand\u00e9mie, \u00e9migration, plusieurs sujet sont donc traiter avec une touche humoristique qui pousse toujours le spectateur \u00e0 se questionner.<\/p>\n<p>A ce sujet, Mustapha Belkadi d\u00e9clare \u00e0 Al Bayane que \u00ab je travaille sur plusieurs sujets qui touchent le marocains d\u2019une mani\u00e8re ou d\u2019une autre. Je veille \u00e0 mettre en avant la marocaine ou le marocain dans une situation dr\u00f4le, comique en d\u00e9montrant la capacit\u00e9 du marocain \u00e0 pouvoir chevaucher deux cultures tr\u00e8s diff\u00e9rentes avec une facilit\u00e9 d\u00e9concertante\u00a0\u00bb.<\/p>\n<p>L\u2019autre particularit\u00e9 de l\u2019artiste est que la femme est au centre de son travail. A cet effet, il affirme que \u00abla soci\u00e9t\u00e9 marocaine est en mutation depuis quelques d\u00e9cennies d\u00e9j\u00e0. Ce qui est unique chez la femme marocaine traditionnelle, c\u2019est sa capacit\u00e9 \u00e0 s\u2019adapter et \u00e0 s\u2019int\u00e9grer dans une vie moderne, c\u2019est pour cela que la femme est toujours au centre de mon travail. Et d\u2019ajouter le sourire aux l\u00e8vres, \u00ab\u00a0je suis peut-\u00eatre plus f\u00e9ministe que les femmes elles-m\u00eames\u00bb.<\/p>\n<p>Quant au nom de l\u2019exposition, l\u2019artiste nous d\u00e9voile que \u00abIC\u00d4NOMANIA\u00bb \u00abrappelle l\u2019ic\u00f4ne est donc l\u2019image. Il est certain que nous ne sommes pas une soci\u00e9t\u00e9 o\u00f9 l\u2019ic\u00f4ne fait partie de notre culture, bien au contraire. Mais au XXI\u00e8me si\u00e8cle, nous nous rendons compte chaque jour que nous vivons dans une civilisation d\u2019image. C\u2019est pour cette raison que je mets en avant l\u2019iconographie.<\/p>\n<p>\u00abL\u2019ic\u00f4ne peut devenir une obsession. C\u2019est un travail de tr\u00e8s longue haleine avant de pouvoir esp\u00e9rer atteindre la perfection\u00a0\u00bb, a-t-il conclu.<\/p>\n<p>Mustapha Belkadi dit \u00ab\u00a0Belka\u00a0\u00bb, est n\u00e9 en 1959 \u00e0 T\u00e9touan. En 1980, il est dipl\u00f4m\u00e9 de la section Arts Appliqu\u00e9s de F\u00e8s et du centre p\u00e9dagogique r\u00e9gional (CPR) de Tanger en 1982. Il enseigne l\u2019art plastique de 1982 \u00e0 1989, date \u00e0 laquelle il quitte l\u2019enseignement pour se consacrer pleinement \u00e0 l\u2019art estimant qu\u2019il ne peut cumul\u00e9 la pratique de deux arts \u00e0 la fois puisque l\u2019enseignement est un art \u00e0 part enti\u00e8re.<\/p>\n<p>Exposant depuis 1985 au Maroc et en Europe, il est laur\u00e9at de plusieurs prix pour ses divers formes d\u2019\u0153uvres. Il vit et travaille \u00e0 Agadir.<\/p>\n<p>L\u2019article <a rel=\"nofollow\" href=\"http:\/\/albayane.press.ma\/la-femme-marocaine-traditionnelle-a-lhonneur.html\">La femme marocaine traditionnelle \u00e0 l\u2019honneur<\/a> est apparu en premier sur <a rel=\"nofollow\" href=\"http:\/\/albayane.press.ma\/\">ALBAYANE<\/a>.<\/p>\n<\/div>\n<p>Auteur: M&rsquo;hammed rahal<br \/>\n<a href=\"http:\/\/albayane.press.ma\/la-femme-marocaine-traditionnelle-a-lhonneur.html\">Cliquez ici pour lire l&rsquo;article depuis sa source.<\/a><\/p>\n","protected":false},"excerpt":{"rendered":"<p>Vernissage de l\u2019exposition de Belkadi \u00e0 la Medina Art Gallery Karim Ben Amar La galerie Medina Art Gallery \u00e0 Tanger abrite l\u2019exposition \u00ab\u00a0IC\u00d4NOMANIA\u00a0\u00bb de l\u2019artiste peintre Mustapha Belkadi jusqu\u2019au 31 janvier. L\u2019\u00e9quipe d\u2019Al Bayane \u00e9tait pr\u00e9sente au vernissage organis\u00e9 le vendredi 21 janvier. Adepte de la peinture figuratif, l\u2019artiste natif de T\u00e9touan, nous livre \u00e0 [&hellip;]<\/p>\n","protected":false},"author":1760,"featured_media":0,"comment_status":"closed","ping_status":"closed","sticky":false,"template":"","format":"standard","meta":{"fifu_image_url":"","fifu_image_alt":"","footnotes":""},"categories":[73,54],"tags":[],"class_list":["post-139201","post","type-post","status-publish","format-standard","hentry","category-actualite","category-maroc"],"_links":{"self":[{"href":"https:\/\/linitiative.ca\/International\/wp-json\/wp\/v2\/posts\/139201","targetHints":{"allow":["GET"]}}],"collection":[{"href":"https:\/\/linitiative.ca\/International\/wp-json\/wp\/v2\/posts"}],"about":[{"href":"https:\/\/linitiative.ca\/International\/wp-json\/wp\/v2\/types\/post"}],"author":[{"embeddable":true,"href":"https:\/\/linitiative.ca\/International\/wp-json\/wp\/v2\/users\/1760"}],"replies":[{"embeddable":true,"href":"https:\/\/linitiative.ca\/International\/wp-json\/wp\/v2\/comments?post=139201"}],"version-history":[{"count":0,"href":"https:\/\/linitiative.ca\/International\/wp-json\/wp\/v2\/posts\/139201\/revisions"}],"wp:attachment":[{"href":"https:\/\/linitiative.ca\/International\/wp-json\/wp\/v2\/media?parent=139201"}],"wp:term":[{"taxonomy":"category","embeddable":true,"href":"https:\/\/linitiative.ca\/International\/wp-json\/wp\/v2\/categories?post=139201"},{"taxonomy":"post_tag","embeddable":true,"href":"https:\/\/linitiative.ca\/International\/wp-json\/wp\/v2\/tags?post=139201"}],"curies":[{"name":"wp","href":"https:\/\/api.w.org\/{rel}","templated":true}]}}