{"id":139202,"date":"2022-01-23T09:30:00","date_gmt":"2022-01-23T14:30:00","guid":{"rendered":"https:\/\/linitiative.ca\/International\/mort-de-lauteur-de-bd-francais-jean-claude-mezieres\/"},"modified":"2022-01-23T09:30:00","modified_gmt":"2022-01-23T14:30:00","slug":"mort-de-lauteur-de-bd-francais-jean-claude-mezieres","status":"publish","type":"post","link":"https:\/\/linitiative.ca\/International\/mort-de-lauteur-de-bd-francais-jean-claude-mezieres\/","title":{"rendered":"Mort de l&rsquo;auteur de BD fran\u00e7ais Jean-Claude M\u00e9zi\u00e8res"},"content":{"rendered":"<div>Le d\u00e9funt est l&rsquo;une des grandes figures de la BD franco-belge, avec une pr\u00e9dilection pour la science-fiction.<\/div>\n<p>Auteur:<br \/>\n<a href=\"https:\/\/www.liberte-algerie.com\/culture\/mort-de-lauteur-de-bd-francais-jean-claude-mezieres-372096\">Cliquez ici pour lire l&rsquo;article depuis sa source.<\/a><\/p>\n","protected":false},"excerpt":{"rendered":"<p>Le d\u00e9funt est l&rsquo;une des grandes figures de la BD franco-belge, avec une pr\u00e9dilection pour la science-fiction. Auteur: Cliquez ici pour lire l&rsquo;article depuis sa source.<\/p>\n","protected":false},"author":1742,"featured_media":0,"comment_status":"closed","ping_status":"closed","sticky":false,"template":"","format":"standard","meta":{"fifu_image_url":"","fifu_image_alt":"","footnotes":""},"categories":[73,53],"tags":[],"class_list":["post-139202","post","type-post","status-publish","format-standard","hentry","category-actualite","category-algerie"],"_links":{"self":[{"href":"https:\/\/linitiative.ca\/International\/wp-json\/wp\/v2\/posts\/139202","targetHints":{"allow":["GET"]}}],"collection":[{"href":"https:\/\/linitiative.ca\/International\/wp-json\/wp\/v2\/posts"}],"about":[{"href":"https:\/\/linitiative.ca\/International\/wp-json\/wp\/v2\/types\/post"}],"author":[{"embeddable":true,"href":"https:\/\/linitiative.ca\/International\/wp-json\/wp\/v2\/users\/1742"}],"replies":[{"embeddable":true,"href":"https:\/\/linitiative.ca\/International\/wp-json\/wp\/v2\/comments?post=139202"}],"version-history":[{"count":0,"href":"https:\/\/linitiative.ca\/International\/wp-json\/wp\/v2\/posts\/139202\/revisions"}],"wp:attachment":[{"href":"https:\/\/linitiative.ca\/International\/wp-json\/wp\/v2\/media?parent=139202"}],"wp:term":[{"taxonomy":"category","embeddable":true,"href":"https:\/\/linitiative.ca\/International\/wp-json\/wp\/v2\/categories?post=139202"},{"taxonomy":"post_tag","embeddable":true,"href":"https:\/\/linitiative.ca\/International\/wp-json\/wp\/v2\/tags?post=139202"}],"curies":[{"name":"wp","href":"https:\/\/api.w.org\/{rel}","templated":true}]}}